{"id":32589,"date":"2025-07-26T00:39:29","date_gmt":"2025-07-26T00:39:29","guid":{"rendered":"https:\/\/radiocresatelital.com\/?p=32589"},"modified":"2025-07-26T00:39:29","modified_gmt":"2025-07-26T00:39:29","slug":"parque-samanes-se-transformo-en-epicentro-comercial-y-festivo-por-los-490-anos-de-guayaquil","status":"publish","type":"post","link":"https:\/\/radiocresatelital.com\/?p=32589","title":{"rendered":"Parque Samanes se transform\u00f3 en epicentro comercial y festivo por los 490 a\u00f1os de Guayaquil"},"content":{"rendered":"<p>Guayaquil.- Colorido, emprendimiento y reactivaci\u00f3n econ\u00f3mica marcaron la gran feria organizada por la Alcald\u00eda de Guayaquil en el Parque Samanes, donde m\u00e1s de 400 comerciantes aut\u00f3nomos regularizados ofrecieron sus productos como homenaje activo a la ciudad en sus 490 a\u00f1os de fundaci\u00f3n.<\/p>\n<p>Desde tempranas horas, el parque se transform\u00f3 en un centro de comercio popular, con ropa, calzado, artesan\u00edas, gastronom\u00eda y art\u00edculos personalizados, en un entorno familiar lleno de m\u00fasica, seguridad y orden. La feria, que fue organizada por la Direcci\u00f3n de Mercados y Asignaciones, reuni\u00f3 a 420 emprendedores que participaron cumpliendo todos los requisitos y protocolos municipales.<\/p>\n<p><img decoding=\"async\" class=\"aligncenter\" src=\"https:\/\/guayaquil.gob.ec\/wp-content\/uploads\/2025\/03\/cada-fin-semana-parque-samanes-convierte-epicentro-recreacion-deporte-guayaquil4.jpg\" alt=\"Cada fin de semana Parque Samanes se convierte en el epicentro de la  recreaci\u00f3n y el deporte en Guayaquil \u2013 Alcald\u00eda de Guayaquil\" \/><br \/>\n\u201cEsto est\u00e1 buen\u00edsimo y novedoso. Se ve de todo un poco. Este parque antes estaba olvidado, pero ahora tiene movimiento, comercio y novedades. Felicitaciones a los administradores porque esto reactiva la econom\u00eda. \u00a1Que viva Guayaquil por sus fiestas y que todos visiten el parque, est\u00e1 hermoso!\u201d, expres\u00f3 emocionado Willian Montero, uno de los visitantes.<\/p>\n<p>La feria se convirti\u00f3 en un impulso directo para la econom\u00eda popular y en una plataforma de visibilidad para los peque\u00f1os comerciantes, como Virginia Calder\u00f3n, quien destac\u00f3 la organizaci\u00f3n del evento: \u201cMe enter\u00e9 de la feria por redes sociales, fui al Municipio a consultar y la atenci\u00f3n fue excelente. Todo el proceso fue r\u00e1pido y bien organizado. Solo llevamos nuestros productos y ellos se encargan del resto. Hoy, con las fiestas de Guayaquil, es un d\u00eda perfecto para nosotros porque viene mucha gente. Todo esto gracias a la Alcald\u00eda\u201d.<\/p>\n<p>La reactivaci\u00f3n de los espacios p\u00fablicos con orden, seguridad y oportunidades reales para el comercio popular es una de las apuestas de la Alcald\u00eda de Guayaquil, que promueve eventos como este para fortalecer la econom\u00eda local, dinamizar la vida comunitaria y celebrar a la Ciudad de Todos.<\/p>\n","protected":false},"excerpt":{"rendered":"<p>Guayaquil.- Colorido, emprendimiento y reactivaci\u00f3n econ\u00f3mica marcaron la gran feria organizada por la Alcald\u00eda de Guayaquil en el Parque Samanes, donde m\u00e1s de 400 comerciantes aut\u00f3nomos regularizados ofrecieron sus productos como homenaje activo a la ciudad en sus 490 a\u00f1os de fundaci\u00f3n. Desde tempranas horas, el parque se transform\u00f3 en un centro de comercio popular, [&hellip;]<\/p>\n","protected":false},"author":2,"featured_media":32590,"comment_status":"open","ping_status":"closed","sticky":false,"template":"","format":"standard","meta":{"_jetpack_memberships_contains_paid_content":false,"footnotes":""},"categories":[33,13],"tags":[147,3091],"class_list":["post-32589","post","type-post","status-publish","format-standard","has-post-thumbnail","hentry","category-guayaquil","category-noticias-nacionales","tag-fiestas-julianas","tag-parque-samanes"],"jetpack_featured_media_url":"https:\/\/radiocresatelital.com\/wp-content\/uploads\/2025\/07\/DRONE-FERIA-PARQUE-SAMANES.jpg","jetpack_sharing_enabled":true,"_links":{"self":[{"href":"https:\/\/radiocresatelital.com\/index.php?rest_route=\/wp\/v2\/posts\/32589","targetHints":{"allow":["GET"]}}],"collection":[{"href":"https:\/\/radiocresatelital.com\/index.php?rest_route=\/wp\/v2\/posts"}],"about":[{"href":"https:\/\/radiocresatelital.com\/index.php?rest_route=\/wp\/v2\/types\/post"}],"author":[{"embeddable":true,"href":"https:\/\/radiocresatelital.com\/index.php?rest_route=\/wp\/v2\/users\/2"}],"replies":[{"embeddable":true,"href":"https:\/\/radiocresatelital.com\/index.php?rest_route=%2Fwp%2Fv2%2Fcomments&post=32589"}],"version-history":[{"count":1,"href":"https:\/\/radiocresatelital.com\/index.php?rest_route=\/wp\/v2\/posts\/32589\/revisions"}],"predecessor-version":[{"id":32591,"href":"https:\/\/radiocresatelital.com\/index.php?rest_route=\/wp\/v2\/posts\/32589\/revisions\/32591"}],"wp:featuredmedia":[{"embeddable":true,"href":"https:\/\/radiocresatelital.com\/index.php?rest_route=\/wp\/v2\/media\/32590"}],"wp:attachment":[{"href":"https:\/\/radiocresatelital.com\/index.php?rest_route=%2Fwp%2Fv2%2Fmedia&parent=32589"}],"wp:term":[{"taxonomy":"category","embeddable":true,"href":"https:\/\/radiocresatelital.com\/index.php?rest_route=%2Fwp%2Fv2%2Fcategories&post=32589"},{"taxonomy":"post_tag","embeddable":true,"href":"https:\/\/radiocresatelital.com\/index.php?rest_route=%2Fwp%2Fv2%2Ftags&post=32589"}],"curies":[{"name":"wp","href":"https:\/\/api.w.org\/{rel}","templated":true}]}}