{"id":32587,"date":"2025-07-26T00:35:02","date_gmt":"2025-07-26T00:35:02","guid":{"rendered":"https:\/\/radiocresatelital.com\/?p=32587"},"modified":"2025-07-26T00:41:57","modified_gmt":"2025-07-26T00:41:57","slug":"presidente-daniel-noboa-honro-a-la-perla-del-pacifico-en-sus-490-anos-de-fundacion","status":"publish","type":"post","link":"https:\/\/radiocresatelital.com\/?p=32587","title":{"rendered":"Presidente Daniel Noboa honr\u00f3 a la Perla del Pac\u00edfico en sus 490 a\u00f1os de Fundaci\u00f3n"},"content":{"rendered":"<p>Quito, Ecuador. \u2013 Los 490 a\u00f1os de fundaci\u00f3n de Guayaquil es una insignia de libertad para el pa\u00eds. El Gobierno Nacional organiz\u00f3 esta tarde, 25 de julio de 2025, el Festival Cultural es Tiempo de Guayaquil. La explanada del Centro C\u00edvico recibi\u00f3 a las y los artistas Hilda Murillo, Pablo Maldonado, Un\u00edsono Salsa y Waldokinc El Troyano cantaron a la Perla del Pac\u00edfico en un evento al que asisti\u00f3 el Presidente de la Rep\u00fablica, Daniel Noboa.<\/p>\n<p>El festival fue la plataforma para que el Nuevo Ecuador exponga las acciones que eliminaron barreras de desigualdad y exclusi\u00f3n en la ciudad. Por eso el Mandatario expres\u00f3: \u201cGuayaquil es la ciudad que le ha dado a mi familia y a m\u00ed un hogar inigualable. Hoy no se trata de un Presidente o un gobierno, sino de los 490 a\u00f1os de Guayaquil, de la gente que es el verdadero coraz\u00f3n que forma esta ciudad\u201d.<\/p>\n<p>Guayaquil, el puerto principal del pa\u00eds, protege a las infancias y a sus mujeres con programas sociales. Harold Burbano, Ministro de Inclusi\u00f3n Econ\u00f3mica y Social, mencion\u00f3 que este gobierno coloca al ser humano en el centro de las pol\u00edticas p\u00fablicas.<\/p>\n<p>Por eso la \u2018Perla del Pac\u00edfico\u2019 ha recibido 200.000 bonos de desarrollo humano; capital semilla para 2.000 mujeres desde otras entidades p\u00fablicas, como el Ministerio de la Mujer; becas y otros servicios que reflejan desarrollo y prosperidad.<\/p>\n<p>Amanda Quiroz es una de las beneficiarias del bono que entrega el MIES. En este evento expres\u00f3 que hace ocho a\u00f1os trabajaba en las calles vendiendo quesos de leche, pero con el anhelo de tener un espacio propio. Con este estipendio que le otorga el ministerio accedi\u00f3 a un cr\u00e9dito para adquirir insumos y herramientas para seguir elaborando sus productos: \u201cAs\u00ed somos los ecuatorianos que queremos luchar y queremos seguir adelante\u201d.<\/p>\n<p>Al escuchar estas palabras, el Mandatario mencion\u00f3 que una verdadera guayaquile\u00f1a y guayaquile\u00f1o siempre vive en comunidad. Son alegres, emprendedores y pese a atravesar los d\u00edas m\u00e1s tristes logran salir adelante: \u201cEs la inspiraci\u00f3n que tengo como gobernante, me inspiro en Guayaquil, en sus barrios que salen adelante a pesar de la violencia, de los malos pol\u00edticos que nos atacan\u201d.<\/p>\n<p><strong>Hoy es tiempo de Guayaquil<\/strong><br \/>\nMinutos antes de terminar la celebraci\u00f3n por las fiestas de fundaci\u00f3n de Guayaquil, Noboa mencion\u00f3 que la ciudad vive un momento diferente: \u201cEstamos reactivando la ciudad de manera justa, la econom\u00eda del pa\u00eds con justicia y dignidad\u201d.<\/p>\n<p>Por eso reiter\u00f3 que la mejor forma de actuar como guayaquile\u00f1os es ser ahora guerreros, salir adelante firmes y jam\u00e1s ceder ante el mal que trata de impedir el progreso de Ecuador<\/p>\n","protected":false},"excerpt":{"rendered":"<p>Quito, Ecuador. \u2013 Los 490 a\u00f1os de fundaci\u00f3n de Guayaquil es una insignia de libertad para el pa\u00eds. El Gobierno Nacional organiz\u00f3 esta tarde, 25 de julio de 2025, el Festival Cultural es Tiempo de Guayaquil. La explanada del Centro C\u00edvico recibi\u00f3 a las y los artistas Hilda Murillo, Pablo Maldonado, Un\u00edsono Salsa y Waldokinc [&hellip;]<\/p>\n","protected":false},"author":2,"featured_media":32592,"comment_status":"open","ping_status":"closed","sticky":false,"template":"","format":"standard","meta":{"_jetpack_memberships_contains_paid_content":false,"footnotes":""},"categories":[33,13],"tags":[1322],"class_list":["post-32587","post","type-post","status-publish","format-standard","has-post-thumbnail","hentry","category-guayaquil","category-noticias-nacionales","tag-presidente-daniel-noboa"],"jetpack_featured_media_url":"https:\/\/radiocresatelital.com\/wp-content\/uploads\/2025\/07\/54679022346_fd0865b57c_c.jpg","jetpack_sharing_enabled":true,"_links":{"self":[{"href":"https:\/\/radiocresatelital.com\/index.php?rest_route=\/wp\/v2\/posts\/32587","targetHints":{"allow":["GET"]}}],"collection":[{"href":"https:\/\/radiocresatelital.com\/index.php?rest_route=\/wp\/v2\/posts"}],"about":[{"href":"https:\/\/radiocresatelital.com\/index.php?rest_route=\/wp\/v2\/types\/post"}],"author":[{"embeddable":true,"href":"https:\/\/radiocresatelital.com\/index.php?rest_route=\/wp\/v2\/users\/2"}],"replies":[{"embeddable":true,"href":"https:\/\/radiocresatelital.com\/index.php?rest_route=%2Fwp%2Fv2%2Fcomments&post=32587"}],"version-history":[{"count":1,"href":"https:\/\/radiocresatelital.com\/index.php?rest_route=\/wp\/v2\/posts\/32587\/revisions"}],"predecessor-version":[{"id":32588,"href":"https:\/\/radiocresatelital.com\/index.php?rest_route=\/wp\/v2\/posts\/32587\/revisions\/32588"}],"wp:featuredmedia":[{"embeddable":true,"href":"https:\/\/radiocresatelital.com\/index.php?rest_route=\/wp\/v2\/media\/32592"}],"wp:attachment":[{"href":"https:\/\/radiocresatelital.com\/index.php?rest_route=%2Fwp%2Fv2%2Fmedia&parent=32587"}],"wp:term":[{"taxonomy":"category","embeddable":true,"href":"https:\/\/radiocresatelital.com\/index.php?rest_route=%2Fwp%2Fv2%2Fcategories&post=32587"},{"taxonomy":"post_tag","embeddable":true,"href":"https:\/\/radiocresatelital.com\/index.php?rest_route=%2Fwp%2Fv2%2Ftags&post=32587"}],"curies":[{"name":"wp","href":"https:\/\/api.w.org\/{rel}","templated":true}]}}