{"id":32582,"date":"2025-07-26T00:24:11","date_gmt":"2025-07-26T00:24:11","guid":{"rendered":"https:\/\/radiocresatelital.com\/?p=32582"},"modified":"2025-07-26T00:25:42","modified_gmt":"2025-07-26T00:25:42","slug":"32582","status":"publish","type":"post","link":"https:\/\/radiocresatelital.com\/?p=32582","title":{"rendered":"490 a\u00f1os de Guayaquil: El Presiente rindi\u00f3 homenaje y ratific\u00f3 su compromiso con una gesti\u00f3n eficiente del Estado"},"content":{"rendered":"<p>Guayaquil. \u2013 El Presidente de la Rep\u00fablica, Daniel Noboa Azin, lider\u00f3 este 25 de julio de 2025 la ceremonia conmemorativa por los 490 a\u00f1os de fundaci\u00f3n de Guayaquil. El acto, realizado en la ciudad porte\u00f1a, constituy\u00f3 un homenaje a su historia, al car\u00e1cter de su gente y al aporte de la Perla del Pac\u00edfico al desarrollo del pa\u00eds.<\/p>\n<p>Durante su intervenci\u00f3n, el Mandatario subray\u00f3 la firmeza con la que el Gobierno Nacional ha enfrentado los desaf\u00edos del pa\u00eds y ratific\u00f3 su compromiso con la seguridad, la lucha contra la corrupci\u00f3n y una gesti\u00f3n p\u00fablica eficiente. \u201cLa construcci\u00f3n de un nuevo pa\u00eds, de un Nuevo Ecuador, no es una tarea sencilla. Lo sab\u00edamos desde un inicio y aun as\u00ed decidimos asumir el desaf\u00edo\u201d, se\u00f1al\u00f3.<\/p>\n<p>En ese marco, destac\u00f3 la puesta en marcha del plan de eficiencia administrativa y la fusi\u00f3n de varios ministerios, decisiones adoptadas con el prop\u00f3sito de optimizar el uso de los recursos del Estado y garantizar una prestaci\u00f3n eficiente de los servicios p\u00fablicos.<\/p>\n<p>Subray\u00f3 que estas acciones responden a un clamor ciudadano de a\u00f1os y permiten dar paso a nuevos liderazgos con verdadera vocaci\u00f3n de servicio.<\/p>\n<p>Al referirse a la reorganizaci\u00f3n institucional, el presidente Noboa record\u00f3 que Ecuador lleg\u00f3 a tener 27 ministerios, siendo el segundo pa\u00eds con m\u00e1s entidades en la regi\u00f3n, despu\u00e9s de Venezuela. Afirm\u00f3 que esta medida busca avanzar hacia un Estado m\u00e1s funcional.<\/p>\n<p>Como parte del acto, el presidente Noboa entreg\u00f3 varias condecoraciones a ciudadanos, instituciones y organizaciones por su aporte en distintos \u00e1mbitos, entre ellos el servicio a la ciudadan\u00eda, el m\u00e9rito art\u00edstico, social y educativo, entre otros.<\/p>\n<p>Entre estas distinciones, se destac\u00f3 la entrega de la Orden Nacional \u201cAl M\u00e9rito\u201d en el grado de Gran Cruz, otorgada a Cynthia Gellibert, secretaria General Administrativa de la Presidencia; Jos\u00e9 de la Gasca, ministro de Gobierno; y Jos\u00e9 Julio Neira, secretario General de Integridad P\u00fablica, en reconocimiento a su trayectoria y compromiso con el servicio p\u00fablico.<\/p>\n<p>La ceremonia concluy\u00f3 con un mensaje de firmeza y convicci\u00f3n en la defensa del pa\u00eds, de sus instituciones y de las familias ecuatorianas. Desde Guayaquil, el presidente reafirm\u00f3 que no hay retroceso frente a quienes intentan desestabilizar al Ecuador, y que es precisamente la fuerza ciudadana la que impulsa cada paso: \u201cLos ca\u00f1ones nunca se apunta hacia nuestra gente, se los apunta hacia los criminales\u201d, sentenci\u00f3.<\/p>\n","protected":false},"excerpt":{"rendered":"<p>Guayaquil. \u2013 El Presidente de la Rep\u00fablica, Daniel Noboa Azin, lider\u00f3 este 25 de julio de 2025 la ceremonia conmemorativa por los 490 a\u00f1os de fundaci\u00f3n de Guayaquil. El acto, realizado en la ciudad porte\u00f1a, constituy\u00f3 un homenaje a su historia, al car\u00e1cter de su gente y al aporte de la Perla del Pac\u00edfico al [&hellip;]<\/p>\n","protected":false},"author":2,"featured_media":32583,"comment_status":"open","ping_status":"closed","sticky":false,"template":"","format":"standard","meta":{"_jetpack_memberships_contains_paid_content":false,"footnotes":""},"categories":[33,13],"tags":[1322],"class_list":["post-32582","post","type-post","status-publish","format-standard","has-post-thumbnail","hentry","category-guayaquil","category-noticias-nacionales","tag-presidente-daniel-noboa"],"jetpack_featured_media_url":"https:\/\/radiocresatelital.com\/wp-content\/uploads\/2025\/07\/54678949630_5a60b73046_c.jpg","jetpack_sharing_enabled":true,"_links":{"self":[{"href":"https:\/\/radiocresatelital.com\/index.php?rest_route=\/wp\/v2\/posts\/32582","targetHints":{"allow":["GET"]}}],"collection":[{"href":"https:\/\/radiocresatelital.com\/index.php?rest_route=\/wp\/v2\/posts"}],"about":[{"href":"https:\/\/radiocresatelital.com\/index.php?rest_route=\/wp\/v2\/types\/post"}],"author":[{"embeddable":true,"href":"https:\/\/radiocresatelital.com\/index.php?rest_route=\/wp\/v2\/users\/2"}],"replies":[{"embeddable":true,"href":"https:\/\/radiocresatelital.com\/index.php?rest_route=%2Fwp%2Fv2%2Fcomments&post=32582"}],"version-history":[{"count":3,"href":"https:\/\/radiocresatelital.com\/index.php?rest_route=\/wp\/v2\/posts\/32582\/revisions"}],"predecessor-version":[{"id":32586,"href":"https:\/\/radiocresatelital.com\/index.php?rest_route=\/wp\/v2\/posts\/32582\/revisions\/32586"}],"wp:featuredmedia":[{"embeddable":true,"href":"https:\/\/radiocresatelital.com\/index.php?rest_route=\/wp\/v2\/media\/32583"}],"wp:attachment":[{"href":"https:\/\/radiocresatelital.com\/index.php?rest_route=%2Fwp%2Fv2%2Fmedia&parent=32582"}],"wp:term":[{"taxonomy":"category","embeddable":true,"href":"https:\/\/radiocresatelital.com\/index.php?rest_route=%2Fwp%2Fv2%2Fcategories&post=32582"},{"taxonomy":"post_tag","embeddable":true,"href":"https:\/\/radiocresatelital.com\/index.php?rest_route=%2Fwp%2Fv2%2Ftags&post=32582"}],"curies":[{"name":"wp","href":"https:\/\/api.w.org\/{rel}","templated":true}]}}