{"id":32579,"date":"2025-07-26T00:19:45","date_gmt":"2025-07-26T00:19:45","guid":{"rendered":"https:\/\/radiocresatelital.com\/?p=32579"},"modified":"2025-07-26T00:19:45","modified_gmt":"2025-07-26T00:19:45","slug":"presidente-daniel-noboa-azin-ratifica-sdu-respaldo-a-la-fuerza-naval-ecuatoriana-pilar-en-el-resguardo-de-la-soberania-maritima-nacional","status":"publish","type":"post","link":"https:\/\/radiocresatelital.com\/?p=32579","title":{"rendered":"Presidente Daniel Noboa Az\u00edn ratifica sdu respaldo a la Fuerza Naval Ecuatoriana, pilar en el resguardo de la Soberan\u00eda Mar\u00edtima Nacional"},"content":{"rendered":"<p>Guayaquil. \u2013 \u201cLas gestas hist\u00f3ricas que forjaron a nuestra patria con valor y coraje son hoy la inspiraci\u00f3n de quienes luchamos d\u00eda a d\u00eda por un mejor pa\u00eds\u201d, sostuvo el presidente de la Rep\u00fablica, Daniel Noboa Azin, este viernes 25 de julio durante la ceremonia del 84\u00ba Aniversario del Combate Naval de Jambel\u00ed y D\u00eda de la Armada. El acto se llev\u00f3 a cabo en la ciudad de Guayaquil, en las instalaciones de la Primera Zona Naval.<\/p>\n<p>El Jefe de Estado fue enf\u00e1tico al enaltecer los valores de la Armada del Ecuador, los cuales \u2013hist\u00f3ricamente- han contribuido a la protecci\u00f3n de la soberan\u00eda nacional. Precisamente, el Mandatario hizo hincapi\u00e9 en la importancia que reviste la labor de esta instituci\u00f3n en el cuidado de los l\u00edmites del territorio mar\u00edtimo. \u201cSu labor es incansable, porque adem\u00e1s de contribuir a los operativos en tierra para golpear al crimen organizado, cuidan nuestros mares de delitos transnacionales como el narcotr\u00e1fico, trata de personas, tr\u00e1fico de combustibles, pesca ilegal, pirater\u00eda, entre otros delitos\u201d, sostuvo.<\/p>\n<p>Por ello, el Primer Mandatario expres\u00f3 el respaldo inquebrantable del Gobierno a la Armada del Ecuador y asegur\u00f3 que los golpes que en el pasado se dieron contra la seguridad y soberan\u00eda nacional no quedar\u00e1n impunes. \u201cLos responsables tendr\u00e1n que responder ante la justicia y ante la historia\u201d, sentenci\u00f3.<\/p>\n<p>Por su parte el Alm. Pablo Caicedo, comandante general de la Armada, ratific\u00f3 el compromiso de su instituci\u00f3n de resguardar los intereses y la seguridad de los ecuatorianos. \u201cMenci\u00f3n especial merece la Armada ecuatoriana en el resguardo y control territorial combatiendo el tr\u00e1fico de drogas y otras actividades il\u00edcitas (\u2026). Con la Polic\u00eda Nacional y el apoyo de las fuerzas terrestre y \u00e1rea, se ha ido pacificando al Distrito Metropolitano de Guayaquil que ha bajado \u00edndices de violencia que parec\u00edan incontenibles en meses pasados\u201d, recalc\u00f3.<\/p>\n<p>La participaci\u00f3n del Mandatario en este evento reafirma el apoyo del Ejecutivo a la Fuerza Naval, instituci\u00f3n fundamental en la defensa de la soberan\u00eda, la estabilidad y el desarrollo del pa\u00eds. De esta manera se ratifican la unidad, compromiso con los valores democr\u00e1ticos y fortalecimiento del Estado como garante de paz.<\/p>\n","protected":false},"excerpt":{"rendered":"<p>Guayaquil. \u2013 \u201cLas gestas hist\u00f3ricas que forjaron a nuestra patria con valor y coraje son hoy la inspiraci\u00f3n de quienes luchamos d\u00eda a d\u00eda por un mejor pa\u00eds\u201d, sostuvo el presidente de la Rep\u00fablica, Daniel Noboa Azin, este viernes 25 de julio durante la ceremonia del 84\u00ba Aniversario del Combate Naval de Jambel\u00ed y D\u00eda [&hellip;]<\/p>\n","protected":false},"author":2,"featured_media":32580,"comment_status":"open","ping_status":"closed","sticky":false,"template":"","format":"standard","meta":{"_jetpack_memberships_contains_paid_content":false,"footnotes":""},"categories":[33,13],"tags":[1322],"class_list":["post-32579","post","type-post","status-publish","format-standard","has-post-thumbnail","hentry","category-guayaquil","category-noticias-nacionales","tag-presidente-daniel-noboa"],"jetpack_featured_media_url":"https:\/\/radiocresatelital.com\/wp-content\/uploads\/2025\/07\/54677578907_2122f7bb78_c.jpg","jetpack_sharing_enabled":true,"_links":{"self":[{"href":"https:\/\/radiocresatelital.com\/index.php?rest_route=\/wp\/v2\/posts\/32579","targetHints":{"allow":["GET"]}}],"collection":[{"href":"https:\/\/radiocresatelital.com\/index.php?rest_route=\/wp\/v2\/posts"}],"about":[{"href":"https:\/\/radiocresatelital.com\/index.php?rest_route=\/wp\/v2\/types\/post"}],"author":[{"embeddable":true,"href":"https:\/\/radiocresatelital.com\/index.php?rest_route=\/wp\/v2\/users\/2"}],"replies":[{"embeddable":true,"href":"https:\/\/radiocresatelital.com\/index.php?rest_route=%2Fwp%2Fv2%2Fcomments&post=32579"}],"version-history":[{"count":1,"href":"https:\/\/radiocresatelital.com\/index.php?rest_route=\/wp\/v2\/posts\/32579\/revisions"}],"predecessor-version":[{"id":32581,"href":"https:\/\/radiocresatelital.com\/index.php?rest_route=\/wp\/v2\/posts\/32579\/revisions\/32581"}],"wp:featuredmedia":[{"embeddable":true,"href":"https:\/\/radiocresatelital.com\/index.php?rest_route=\/wp\/v2\/media\/32580"}],"wp:attachment":[{"href":"https:\/\/radiocresatelital.com\/index.php?rest_route=%2Fwp%2Fv2%2Fmedia&parent=32579"}],"wp:term":[{"taxonomy":"category","embeddable":true,"href":"https:\/\/radiocresatelital.com\/index.php?rest_route=%2Fwp%2Fv2%2Fcategories&post=32579"},{"taxonomy":"post_tag","embeddable":true,"href":"https:\/\/radiocresatelital.com\/index.php?rest_route=%2Fwp%2Fv2%2Ftags&post=32579"}],"curies":[{"name":"wp","href":"https:\/\/api.w.org\/{rel}","templated":true}]}}