{"id":32574,"date":"2025-07-25T02:00:53","date_gmt":"2025-07-25T02:00:53","guid":{"rendered":"https:\/\/radiocresatelital.com\/?p=32574"},"modified":"2025-07-25T02:00:53","modified_gmt":"2025-07-25T02:00:53","slug":"liga-de-quito-saluda-a-guayaquil-derrotando-a-barcelona-por-la-minima","status":"publish","type":"post","link":"https:\/\/radiocresatelital.com\/?p=32574","title":{"rendered":"Liga de Quito saluda a Guayaquil derrotando a Barcelona por la m\u00ednima"},"content":{"rendered":"<p>Guayaquil.- Con anotaci\u00f3n del volante Fernando Cornejo, Liga de Quito ha saludado a la Perla del Pac\u00edfico derrotando a Barcelona por la m\u00ednima diferencia por la fecha 22 de Liga Ecuabet jugado en el banco Pichincha ante unos 20000 espectadores.<\/p>\n<p>La primera jugada de peligro para los amarillosa es una llegada por zurda de Janner Corozo quien ingresa al \u00e1rea pero Dar\u00edo Aimar lo desequilibra y cae pero el juez no toma ninguna decisi\u00f3n.<\/p>\n<p>Los amarillos intentan llegar a la porter\u00eda alba pero a\u00fan el medio campo de liga maneja bien los tiempos para no dejar armar juego por los volantes canarios.<\/p>\n<p>Cobro de tiro de esquina por Bryan Oyola al centro para la llegada de Xavier Arreaga quien cabecea pero desviado.<\/p>\n<p>Es un cotejo de mucho estudio porque los dos equipos se encuentran siendo muy cautos para manejar el bal\u00f3n en medio sector.<\/p>\n<p>Equivocaci\u00f3n de Janner Corozo cuando intenta salir jugando pero llega un jugador de Liga para forzar un remate pero Gast\u00f3n Campi despeja y se arma el contragolpe con Byron Castillo pero no tiene quien lo acompa\u00f1e y se pierde una buen opci\u00f3n de gol.<\/p>\n<p>Los canarios tienen muchos errores de la defensa amarilla y de ah\u00ed se han contagiado los volantes canarios.<\/p>\n<p>Buena llegada de Bryan carabal\u00ed por derecha para colocar un buen centro donde ingresa a cabecear Byron Castillo pero a las manos del portero Gonzalo Valle.<\/p>\n<p>Error en salida de Jhonny Qui\u00f1\u00f3nez en donde se aprovecha Jeison medina para rematar pero la pelota pega en un defensor y el bal\u00f3n llega a las manos del portero amarillo.<\/p>\n<p>A los 35 minutos, Fernando Cornejo aprovecha que no tiene marca alguna en medio campo para sacar un fuerte remate de media distancia para concretar la primera conquista alba en el Banco Pichincha. 1 x 0<\/p>\n<p><img decoding=\"async\" class=\"aligncenter\" src=\"https:\/\/media.tycsports.com\/files\/2025\/07\/22\/864606\/barcelona-vs-liga-de-quito-en-vivo-como-llegan-al-partido_862x485.webp\" alt=\"\u25c9 Barcelona vs. Liga de Quito en vivo: segu\u00ed el partido minuto a minuto -  TyC Sports\" \/><\/p>\n<p>Bryan Carabal\u00ed llega pro derecha para levantar un centro donde la defensa alba despeja muy corto donde se aprovecha Dixon Arroyo remata fuerte pero encima del horizontal.<\/p>\n<p>Para el arranque de la segunda parte, Ismael Rescalvo hace tres variantes, el ingreso de Leonai Souza, Miguel Parrales y Octavio Rivero, mientras que el t\u00e9cnico albo no hace variantes.<\/p>\n<p>Pese a los cambios realizados en Barcelona, los canarios no muestran mejor\u00eda porque no existe una buena conexi\u00f3n entre volantes y delanteros.<\/p>\n<p>Cabe indicar que una buena jugada por zurda para levantar un centro donde ingresa a cabecear Janner Corozo pero su disparo se va por encima del horizontal.<\/p>\n<p>Una jugada en el \u00e1rea alba se reclam\u00f3 una supuesta mano de un defensor de Liga pero el juez declara que el partido pueda seguir jugando.<\/p>\n<p>Otra jugada de los albos, Leonel Qui\u00f1\u00f3nez llega para colocar un buen centro donde Jeison Medina estaba esperando pero la defensa amarilla despeja bien el bal\u00f3n.<\/p>\n","protected":false},"excerpt":{"rendered":"<p>Guayaquil.- Con anotaci\u00f3n del volante Fernando Cornejo, Liga de Quito ha saludado a la Perla del Pac\u00edfico derrotando a Barcelona por la m\u00ednima diferencia por la fecha 22 de Liga Ecuabet jugado en el banco Pichincha ante unos 20000 espectadores. La primera jugada de peligro para los amarillosa es una llegada por zurda de Janner [&hellip;]<\/p>\n","protected":false},"author":2,"featured_media":32576,"comment_status":"open","ping_status":"closed","sticky":false,"template":"","format":"standard","meta":{"_jetpack_memberships_contains_paid_content":false,"footnotes":""},"categories":[626,73],"tags":[459,929,517,135],"class_list":["post-32574","post","type-post","status-publish","format-standard","has-post-thumbnail","hentry","category-futbol-nacional","category-liga-pro","tag-barcelona","tag-futbol-nacional","tag-liga-de-quito","tag-liga-pro"],"jetpack_featured_media_url":"https:\/\/radiocresatelital.com\/wp-content\/uploads\/2025\/07\/Diseno-sin-titulo-2025-07-24T201257.710-1024x683-1.jpg","jetpack_sharing_enabled":true,"_links":{"self":[{"href":"https:\/\/radiocresatelital.com\/index.php?rest_route=\/wp\/v2\/posts\/32574","targetHints":{"allow":["GET"]}}],"collection":[{"href":"https:\/\/radiocresatelital.com\/index.php?rest_route=\/wp\/v2\/posts"}],"about":[{"href":"https:\/\/radiocresatelital.com\/index.php?rest_route=\/wp\/v2\/types\/post"}],"author":[{"embeddable":true,"href":"https:\/\/radiocresatelital.com\/index.php?rest_route=\/wp\/v2\/users\/2"}],"replies":[{"embeddable":true,"href":"https:\/\/radiocresatelital.com\/index.php?rest_route=%2Fwp%2Fv2%2Fcomments&post=32574"}],"version-history":[{"count":1,"href":"https:\/\/radiocresatelital.com\/index.php?rest_route=\/wp\/v2\/posts\/32574\/revisions"}],"predecessor-version":[{"id":32577,"href":"https:\/\/radiocresatelital.com\/index.php?rest_route=\/wp\/v2\/posts\/32574\/revisions\/32577"}],"wp:featuredmedia":[{"embeddable":true,"href":"https:\/\/radiocresatelital.com\/index.php?rest_route=\/wp\/v2\/media\/32576"}],"wp:attachment":[{"href":"https:\/\/radiocresatelital.com\/index.php?rest_route=%2Fwp%2Fv2%2Fmedia&parent=32574"}],"wp:term":[{"taxonomy":"category","embeddable":true,"href":"https:\/\/radiocresatelital.com\/index.php?rest_route=%2Fwp%2Fv2%2Fcategories&post=32574"},{"taxonomy":"post_tag","embeddable":true,"href":"https:\/\/radiocresatelital.com\/index.php?rest_route=%2Fwp%2Fv2%2Ftags&post=32574"}],"curies":[{"name":"wp","href":"https:\/\/api.w.org\/{rel}","templated":true}]}}