{"id":32571,"date":"2025-07-24T19:40:55","date_gmt":"2025-07-24T19:40:55","guid":{"rendered":"https:\/\/radiocresatelital.com\/?p=32571"},"modified":"2025-07-24T22:42:12","modified_gmt":"2025-07-24T22:42:12","slug":"la-fabril-fortalece-los-sectores-panificador-pastelero-y-horeca-con-el-lanzamiento-de-fabricrema-chantilly","status":"publish","type":"post","link":"https:\/\/radiocresatelital.com\/?p=32571","title":{"rendered":"La Fabril fortalece los sectores: panificador, pastelero y HORECA con el lanzamiento de Fabricrema Chantilly"},"content":{"rendered":"<p>Quito.- En eventos realizados en Quito y Guayaquil los d\u00edas 8 y 11 de julio, respectivamente, La Fabril llev\u00f3 a cabo el lanzamiento oficial de Fabricrema Chantilly, un producto destinado a atender las necesidades de profesionales en reposter\u00eda. La presentaci\u00f3n, que reuni\u00f3 a m\u00e1s de 250 representantes del sector, forma parte de su compromiso por fortalecer la industria panadera y pastelera, as\u00ed como el sector HORECA en el pa\u00eds.<\/p>\n<p>Esta innovaci\u00f3n, que forma parte del portafolio de productos especializados de L\u00ednea Maestro, es una crema chantilly con caracter\u00edsticas sobresalientes en firmeza, rendimiento y facilidad de uso, adem\u00e1s de un sabor equilibrado, Fabricrema Chantilly busca ofrecer una opci\u00f3n confiable para negocios de panader\u00eda, pasteler\u00eda y gastronom\u00eda.<\/p>\n<p>Durante los encuentros, los asistentes participaron en presentaciones t\u00e9cnicas, demostraciones en vivo y degustaciones, donde pudieron apreciar las ventajas del producto aplicado en recetas reales. Los expertos t\u00e9cnicos de La Fabril y Ledevit compartieron recomendaciones para maximizar las propiedades de la crema en diferentes preparaciones.<\/p>\n<p>Con una base de m\u00e1s de 6.000 panader\u00edas atendidas en todo el pa\u00eds, La Fabril, a trav\u00e9s de su l\u00ednea especializada, ha consolidado su presencia en el sector. Desde hace m\u00e1s de 20 a\u00f1os, esta unidad ha desarrollado un portafolio que incluye productos como Fabricake, Fabricrema Pastelera, Coberchoc y Margarina Marva, enfocados en facilitar la labor de los profesionales y garantizar resultados de calidad.<\/p>\n<p>En la apertura del evento, <strong>Francisco Salinas, Director Comercial B2B y Exportaciones de La Fabril<\/strong>, destac\u00f3 que Fabricrema Chantilly es fruto de la escucha activa a las necesidades del sector. \u201cEste producto responde a la demanda de productos que permitan trabajar con eficiencia, reducir tiempos y obtener resultados atractivos y confiables para el consumidor final\u201d, afirm\u00f3.<\/p>\n<p>Por su parte, <strong>Andrea Barrero, Gerente Comercial Panificaci\u00f3n &amp; HORECA<\/strong>, subray\u00f3 que el objetivo principal del lanzamiento es ofrecer soluciones reales para potenciar la rentabilidad y la presentaci\u00f3n de los negocios. \u201cNo solo se trata de una crema, sino de una herramienta que ayuda a mejorar la calidad, facilitar procesos y ampliar el acceso a productos t\u00e9cnicos de alto nivel para los profesionales del pa\u00eds\u201d, expres\u00f3.<\/p>\n<p>El ingreso de Fabricrema Chantilly reafirma el compromiso de La Fabril con la innovaci\u00f3n constante y el apoyo al desarrollo de la panader\u00eda y pasteler\u00eda ecuatoriana, con el prop\u00f3sito de seguir elevando los est\u00e1ndares de calidad en los productos que consumen los ecuatorianos cada d\u00eda<\/p>\n","protected":false},"excerpt":{"rendered":"<p>Quito.- En eventos realizados en Quito y Guayaquil los d\u00edas 8 y 11 de julio, respectivamente, La Fabril llev\u00f3 a cabo el lanzamiento oficial de Fabricrema Chantilly, un producto destinado a atender las necesidades de profesionales en reposter\u00eda. La presentaci\u00f3n, que reuni\u00f3 a m\u00e1s de 250 representantes del sector, forma parte de su compromiso por [&hellip;]<\/p>\n","protected":false},"author":2,"featured_media":32572,"comment_status":"open","ping_status":"closed","sticky":false,"template":"","format":"standard","meta":{"_jetpack_memberships_contains_paid_content":false,"footnotes":""},"categories":[13],"tags":[2181],"class_list":["post-32571","post","type-post","status-publish","format-standard","has-post-thumbnail","hentry","category-noticias-nacionales","tag-la-fabril"],"jetpack_featured_media_url":"https:\/\/radiocresatelital.com\/wp-content\/uploads\/2025\/07\/WhatsApp-Image-2025-07-24-at-13.27.13.jpeg","jetpack_sharing_enabled":true,"_links":{"self":[{"href":"https:\/\/radiocresatelital.com\/index.php?rest_route=\/wp\/v2\/posts\/32571","targetHints":{"allow":["GET"]}}],"collection":[{"href":"https:\/\/radiocresatelital.com\/index.php?rest_route=\/wp\/v2\/posts"}],"about":[{"href":"https:\/\/radiocresatelital.com\/index.php?rest_route=\/wp\/v2\/types\/post"}],"author":[{"embeddable":true,"href":"https:\/\/radiocresatelital.com\/index.php?rest_route=\/wp\/v2\/users\/2"}],"replies":[{"embeddable":true,"href":"https:\/\/radiocresatelital.com\/index.php?rest_route=%2Fwp%2Fv2%2Fcomments&post=32571"}],"version-history":[{"count":1,"href":"https:\/\/radiocresatelital.com\/index.php?rest_route=\/wp\/v2\/posts\/32571\/revisions"}],"predecessor-version":[{"id":32573,"href":"https:\/\/radiocresatelital.com\/index.php?rest_route=\/wp\/v2\/posts\/32571\/revisions\/32573"}],"wp:featuredmedia":[{"embeddable":true,"href":"https:\/\/radiocresatelital.com\/index.php?rest_route=\/wp\/v2\/media\/32572"}],"wp:attachment":[{"href":"https:\/\/radiocresatelital.com\/index.php?rest_route=%2Fwp%2Fv2%2Fmedia&parent=32571"}],"wp:term":[{"taxonomy":"category","embeddable":true,"href":"https:\/\/radiocresatelital.com\/index.php?rest_route=%2Fwp%2Fv2%2Fcategories&post=32571"},{"taxonomy":"post_tag","embeddable":true,"href":"https:\/\/radiocresatelital.com\/index.php?rest_route=%2Fwp%2Fv2%2Ftags&post=32571"}],"curies":[{"name":"wp","href":"https:\/\/api.w.org\/{rel}","templated":true}]}}