{"id":32562,"date":"2025-07-24T22:24:00","date_gmt":"2025-07-24T22:24:00","guid":{"rendered":"https:\/\/radiocresatelital.com\/?p=32562"},"modified":"2025-07-24T22:24:23","modified_gmt":"2025-07-24T22:24:23","slug":"mafalda-visito-el-palacio-municipal-y-conquisto-el-corazon-del-alcalde","status":"publish","type":"post","link":"https:\/\/radiocresatelital.com\/?p=32562","title":{"rendered":"Mafalda visit\u00f3 el Palacio Municipal y conquist\u00f3 el coraz\u00f3n del Alcalde"},"content":{"rendered":"<p>Guayaquil.- La Perla del Pac\u00edfico, Guayaquil, en sus 490 a\u00f1os de historia, suma un nuevo s\u00edmbolo urbano. Mafalda, la ni\u00f1a que desaf\u00eda al mundo con preguntas inc\u00f3modas y reflexiones necesarias, visit\u00f3 el despacho del alcalde Aquiles Alvarez en el Palacio Municipal, antes de convertirse oficialmente en parte del paisaje de la ciudad.<\/p>\n<p>Vestida con los colores blanco y celeste, fue recibida con entusiasmo por el burgomaestre, quien expres\u00f3: \u201c\u00a1Est\u00e1 hermosa! Qu\u00e9 linda verla hasta con las estrellitas. Soy su fan y me encanta Mafalda; deber\u00edan existir m\u00e1s Mafaldas en el mundo\u201d.<\/p>\n<p>Durante su visita, el Burgomaestre la invit\u00f3 a la Sesi\u00f3n Conmemorativa del 25 de julio, que se realizar\u00e1 en la avenida 9 de Octubre y Malec\u00f3n. Ser\u00e1 el acto central de las celebraciones por el aniversario de fundaci\u00f3n, una fecha que no solo recuerda el pasado, sino que proyecta el futuro de Guayaquil.<\/p>\n<p>La escultura recorri\u00f3 tambi\u00e9n espacios emblem\u00e1ticos como el Malec\u00f3n 2000, el Cerro Santa Ana, la Calle Panam\u00e1 y Puerto Santa Ana. En cada parada despert\u00f3 admiraci\u00f3n, fotograf\u00edas y conversaciones entre ni\u00f1os, j\u00f3venes y adultos.<\/p>\n<p>Su presencia evoc\u00f3 valores como la equidad, la paz, el respeto y los derechos humanos. Desde este 25 de julio, Mafalda tendr\u00e1 un lugar permanente en la intersecci\u00f3n de la Av. 9 de Octubre y Escobedo. All\u00ed se convertir\u00e1 en punto de encuentro y en nuevo hito cultural para una ciudad que quiere pensarse desde el humor, la sensibilidad y la<br \/>\nconciencia social.<\/p>\n<p>Mafalda no llega como adorno. Llega como s\u00edmbolo. Una voz silenciosa pero elocuente que invita a mirar la ciudad con pensamiento cr\u00edtico, desde la infancia hasta la vida adulta. Un recordatorio de que el civismo tambi\u00e9n se aprende en las calles, en los parques\u2026 y frente a una escultura que nos interpela sin hablar.<\/p>\n","protected":false},"excerpt":{"rendered":"<p>Guayaquil.- La Perla del Pac\u00edfico, Guayaquil, en sus 490 a\u00f1os de historia, suma un nuevo s\u00edmbolo urbano. Mafalda, la ni\u00f1a que desaf\u00eda al mundo con preguntas inc\u00f3modas y reflexiones necesarias, visit\u00f3 el despacho del alcalde Aquiles Alvarez en el Palacio Municipal, antes de convertirse oficialmente en parte del paisaje de la ciudad. Vestida con los [&hellip;]<\/p>\n","protected":false},"author":2,"featured_media":32563,"comment_status":"open","ping_status":"closed","sticky":false,"template":"","format":"standard","meta":{"_jetpack_memberships_contains_paid_content":false,"footnotes":""},"categories":[33,13],"tags":[5164],"class_list":["post-32562","post","type-post","status-publish","format-standard","has-post-thumbnail","hentry","category-guayaquil","category-noticias-nacionales","tag-mafalda"],"jetpack_featured_media_url":"https:\/\/radiocresatelital.com\/wp-content\/uploads\/2025\/07\/DSC09125-scaled.jpeg","jetpack_sharing_enabled":true,"_links":{"self":[{"href":"https:\/\/radiocresatelital.com\/index.php?rest_route=\/wp\/v2\/posts\/32562","targetHints":{"allow":["GET"]}}],"collection":[{"href":"https:\/\/radiocresatelital.com\/index.php?rest_route=\/wp\/v2\/posts"}],"about":[{"href":"https:\/\/radiocresatelital.com\/index.php?rest_route=\/wp\/v2\/types\/post"}],"author":[{"embeddable":true,"href":"https:\/\/radiocresatelital.com\/index.php?rest_route=\/wp\/v2\/users\/2"}],"replies":[{"embeddable":true,"href":"https:\/\/radiocresatelital.com\/index.php?rest_route=%2Fwp%2Fv2%2Fcomments&post=32562"}],"version-history":[{"count":1,"href":"https:\/\/radiocresatelital.com\/index.php?rest_route=\/wp\/v2\/posts\/32562\/revisions"}],"predecessor-version":[{"id":32564,"href":"https:\/\/radiocresatelital.com\/index.php?rest_route=\/wp\/v2\/posts\/32562\/revisions\/32564"}],"wp:featuredmedia":[{"embeddable":true,"href":"https:\/\/radiocresatelital.com\/index.php?rest_route=\/wp\/v2\/media\/32563"}],"wp:attachment":[{"href":"https:\/\/radiocresatelital.com\/index.php?rest_route=%2Fwp%2Fv2%2Fmedia&parent=32562"}],"wp:term":[{"taxonomy":"category","embeddable":true,"href":"https:\/\/radiocresatelital.com\/index.php?rest_route=%2Fwp%2Fv2%2Fcategories&post=32562"},{"taxonomy":"post_tag","embeddable":true,"href":"https:\/\/radiocresatelital.com\/index.php?rest_route=%2Fwp%2Fv2%2Ftags&post=32562"}],"curies":[{"name":"wp","href":"https:\/\/api.w.org\/{rel}","templated":true}]}}