{"id":32552,"date":"2025-07-24T21:51:31","date_gmt":"2025-07-24T21:51:31","guid":{"rendered":"https:\/\/radiocresatelital.com\/?p=32552"},"modified":"2025-07-24T21:51:31","modified_gmt":"2025-07-24T21:51:31","slug":"inscripciones-abiertas-para-sectorizacion-docente-sierra-amazonia-2025","status":"publish","type":"post","link":"https:\/\/radiocresatelital.com\/?p=32552","title":{"rendered":"Inscripciones abiertas para Sectorizaci\u00f3n Docente Sierra \u2013 Amazon\u00eda 2025"},"content":{"rendered":"<p>Quito.- El Ministerio de Educaci\u00f3n abre las inscripciones para el proceso de Sectorizaci\u00f3n Docente General Sierra \u2013 Amazon\u00eda 2025, una gran oportunidad para que los maestros con nombramiento definitivo puedan reubicarse en instituciones educativas m\u00e1s cercanas a sus hogares.<\/p>\n<p>Esta iniciativa busca mejorar la calidad de vida de nuestros docentes, fortaleciendo su conexi\u00f3n con las comunidades educativas y fomentando una mayor participaci\u00f3n en la vida escolar. Cuando los maestros est\u00e1n m\u00e1s cerca de casa, est\u00e1n m\u00e1s motivados y comprometidos, lo que se traduce directamente en una mejora significativa en la calidad de la educaci\u00f3n para nuestros estudiantes.<\/p>\n<p><strong>\u00bfQui\u00e9nes pueden participar?<\/strong><\/p>\n<p>Este proceso est\u00e1 dirigido a todos los docentes del pa\u00eds que cuenten con nombramiento definitivo y cumplan los siguientes requisitos:<\/p>\n<ol>\n<li>Haber trabajado al menos dos a\u00f1os calendario consecutivos en la misma instituci\u00f3n educativa.<\/li>\n<li>No estar involucrado en un sumario administrativo.<\/li>\n<li>No encontrarse en comisi\u00f3n de servicios.<\/li>\n<\/ol>\n<p>Las inscripciones estar\u00e1n abiertas en la p\u00e1gina web\u00a0<a href=\"https:\/\/educacion.gob.ec\/sectorizacion-docente-general\/\" target=\"_blank\" rel=\"noopener\">www.educacion.gob.ec<\/a>\u00a0 desde el 28 hasta el 30 de julio de 2025.<\/p>\n<p>Para este nuevo proceso en el r\u00e9gimen Sierra \u2013 Amazon\u00eda, se ofrecer\u00e1n 1.500 vacantes. Una vez finalizada la etapa de inscripci\u00f3n, las fechas importantes a recordar son:<\/p>\n<ul>\n<li>6 de agosto: Emisi\u00f3n de la resoluci\u00f3n nacional.<\/li>\n<li>1 de septiembre de 2025: Incorporaci\u00f3n de los docentes a sus nuevas instituciones educativas.<\/li>\n<\/ul>\n<p>En el Ministerio de Educaci\u00f3n, estamos comprometidos con la valoraci\u00f3n docente.<\/p>\n<p>Gracias a estos procesos de sectorizaci\u00f3n, m\u00e1s de 1.800 docentes y sus familias se han beneficiado entre 2024 y 2025. En 2024, 943 maestros lograron su sectorizaci\u00f3n, y en abril de 2025, 947 docentes se beneficiaron del proceso Costa \u2013 Gal\u00e1pagos.<\/p>\n<p>El Gobierno Nacional, a trav\u00e9s de esta cartera de Estado, reafirma su compromiso con una educaci\u00f3n p\u00fablica m\u00e1s cercana, equitativa y centrada en el bienestar de sus docentes.<\/p>\n","protected":false},"excerpt":{"rendered":"<p>Quito.- El Ministerio de Educaci\u00f3n abre las inscripciones para el proceso de Sectorizaci\u00f3n Docente General Sierra \u2013 Amazon\u00eda 2025, una gran oportunidad para que los maestros con nombramiento definitivo puedan reubicarse en instituciones educativas m\u00e1s cercanas a sus hogares. Esta iniciativa busca mejorar la calidad de vida de nuestros docentes, fortaleciendo su conexi\u00f3n con las [&hellip;]<\/p>\n","protected":false},"author":2,"featured_media":32553,"comment_status":"open","ping_status":"closed","sticky":false,"template":"","format":"standard","meta":{"_jetpack_memberships_contains_paid_content":false,"footnotes":""},"categories":[13],"tags":[444],"class_list":["post-32552","post","type-post","status-publish","format-standard","has-post-thumbnail","hentry","category-noticias-nacionales","tag-ministerio-de-educacion"],"jetpack_featured_media_url":"https:\/\/radiocresatelital.com\/wp-content\/uploads\/2025\/07\/docente-sectorizacion.png","jetpack_sharing_enabled":true,"_links":{"self":[{"href":"https:\/\/radiocresatelital.com\/index.php?rest_route=\/wp\/v2\/posts\/32552","targetHints":{"allow":["GET"]}}],"collection":[{"href":"https:\/\/radiocresatelital.com\/index.php?rest_route=\/wp\/v2\/posts"}],"about":[{"href":"https:\/\/radiocresatelital.com\/index.php?rest_route=\/wp\/v2\/types\/post"}],"author":[{"embeddable":true,"href":"https:\/\/radiocresatelital.com\/index.php?rest_route=\/wp\/v2\/users\/2"}],"replies":[{"embeddable":true,"href":"https:\/\/radiocresatelital.com\/index.php?rest_route=%2Fwp%2Fv2%2Fcomments&post=32552"}],"version-history":[{"count":1,"href":"https:\/\/radiocresatelital.com\/index.php?rest_route=\/wp\/v2\/posts\/32552\/revisions"}],"predecessor-version":[{"id":32554,"href":"https:\/\/radiocresatelital.com\/index.php?rest_route=\/wp\/v2\/posts\/32552\/revisions\/32554"}],"wp:featuredmedia":[{"embeddable":true,"href":"https:\/\/radiocresatelital.com\/index.php?rest_route=\/wp\/v2\/media\/32553"}],"wp:attachment":[{"href":"https:\/\/radiocresatelital.com\/index.php?rest_route=%2Fwp%2Fv2%2Fmedia&parent=32552"}],"wp:term":[{"taxonomy":"category","embeddable":true,"href":"https:\/\/radiocresatelital.com\/index.php?rest_route=%2Fwp%2Fv2%2Fcategories&post=32552"},{"taxonomy":"post_tag","embeddable":true,"href":"https:\/\/radiocresatelital.com\/index.php?rest_route=%2Fwp%2Fv2%2Ftags&post=32552"}],"curies":[{"name":"wp","href":"https:\/\/api.w.org\/{rel}","templated":true}]}}