{"id":32546,"date":"2025-07-24T21:12:05","date_gmt":"2025-07-24T21:12:05","guid":{"rendered":"https:\/\/radiocresatelital.com\/?p=32546"},"modified":"2025-07-24T21:12:05","modified_gmt":"2025-07-24T21:12:05","slug":"adultos-mayores-del-hogar-corazon-de-jesus-celebraron-los-490-anos-de-fundacion-de-guayaquil","status":"publish","type":"post","link":"https:\/\/radiocresatelital.com\/?p=32546","title":{"rendered":"Adultos mayores del Hogar Coraz\u00f3n de Jes\u00fas celebraron los 490 a\u00f1os de fundaci\u00f3n de Guayaquil"},"content":{"rendered":"<p>Guayaquil.- Con alegr\u00eda y amor por su ciudad, los residentes del Hogar del Coraz\u00f3n de Jes\u00fas de la Junta de Beneficencia celebraron los 490 a\u00f1os de la Fundaci\u00f3n de Guayaquil. Fue una ma\u00f1ana albiceleste llena de alegr\u00eda, orgullo, talento y amor que vivieron los adultos mayores durante su emotiva \u201cFiesta Juliana \u201d.<\/p>\n<p>Lejos de ser espectadores pasivos, fueron los grandes protagonistas de esta celebraci\u00f3n que reuni\u00f3 historia, arte y tradici\u00f3n en un solo escenario. A trav\u00e9s de la evocaci\u00f3n de los or\u00edgenes de la Perla del Pac\u00edfico, hasta las expresiones culturales guayaquile\u00f1as que fueron representadas por los residentes del Hogar del Coraz\u00f3n de Jes\u00fas.<\/p>\n<p>La belleza y el donaire de la mujer guayaquile\u00f1a se vio reflejada en el desfile de las damas del hogar, quienes vistieron sus trajes o accesorios celeste y blanco en honor a la ciudad; y la alegr\u00eda guayaca en el baile que, a pesar de sus a\u00f1os demostraron que los guayaquile\u00f1os son alegres y no se rinden ante nada, mucho menos por la edad.<\/p>\n<p>As\u00ed, con m\u00fasica, baile, poes\u00eda, cantos y coreograf\u00eda, los adultos mayores del Hogar del Coraz\u00f3n de Jes\u00fas de la JBG rindieron homenaje a ese esplendoroso Guayaquil de ayer, hoy y siempre.<\/p>\n","protected":false},"excerpt":{"rendered":"<p>Guayaquil.- Con alegr\u00eda y amor por su ciudad, los residentes del Hogar del Coraz\u00f3n de Jes\u00fas de la Junta de Beneficencia celebraron los 490 a\u00f1os de la Fundaci\u00f3n de Guayaquil. Fue una ma\u00f1ana albiceleste llena de alegr\u00eda, orgullo, talento y amor que vivieron los adultos mayores durante su emotiva \u201cFiesta Juliana \u201d. Lejos de ser [&hellip;]<\/p>\n","protected":false},"author":2,"featured_media":32547,"comment_status":"open","ping_status":"closed","sticky":false,"template":"","format":"standard","meta":{"_jetpack_memberships_contains_paid_content":false,"footnotes":""},"categories":[33,13],"tags":[147,5188],"class_list":["post-32546","post","type-post","status-publish","format-standard","has-post-thumbnail","hentry","category-guayaquil","category-noticias-nacionales","tag-fiestas-julianas","tag-hogar-del-corazon-de-jesus"],"jetpack_featured_media_url":"https:\/\/radiocresatelital.com\/wp-content\/uploads\/2025\/07\/WhatsApp-Image-2025-07-24-at-15.06.57.jpeg","jetpack_sharing_enabled":true,"_links":{"self":[{"href":"https:\/\/radiocresatelital.com\/index.php?rest_route=\/wp\/v2\/posts\/32546","targetHints":{"allow":["GET"]}}],"collection":[{"href":"https:\/\/radiocresatelital.com\/index.php?rest_route=\/wp\/v2\/posts"}],"about":[{"href":"https:\/\/radiocresatelital.com\/index.php?rest_route=\/wp\/v2\/types\/post"}],"author":[{"embeddable":true,"href":"https:\/\/radiocresatelital.com\/index.php?rest_route=\/wp\/v2\/users\/2"}],"replies":[{"embeddable":true,"href":"https:\/\/radiocresatelital.com\/index.php?rest_route=%2Fwp%2Fv2%2Fcomments&post=32546"}],"version-history":[{"count":1,"href":"https:\/\/radiocresatelital.com\/index.php?rest_route=\/wp\/v2\/posts\/32546\/revisions"}],"predecessor-version":[{"id":32548,"href":"https:\/\/radiocresatelital.com\/index.php?rest_route=\/wp\/v2\/posts\/32546\/revisions\/32548"}],"wp:featuredmedia":[{"embeddable":true,"href":"https:\/\/radiocresatelital.com\/index.php?rest_route=\/wp\/v2\/media\/32547"}],"wp:attachment":[{"href":"https:\/\/radiocresatelital.com\/index.php?rest_route=%2Fwp%2Fv2%2Fmedia&parent=32546"}],"wp:term":[{"taxonomy":"category","embeddable":true,"href":"https:\/\/radiocresatelital.com\/index.php?rest_route=%2Fwp%2Fv2%2Fcategories&post=32546"},{"taxonomy":"post_tag","embeddable":true,"href":"https:\/\/radiocresatelital.com\/index.php?rest_route=%2Fwp%2Fv2%2Ftags&post=32546"}],"curies":[{"name":"wp","href":"https:\/\/api.w.org\/{rel}","templated":true}]}}