{"id":32543,"date":"2025-07-24T21:04:55","date_gmt":"2025-07-24T21:04:55","guid":{"rendered":"https:\/\/radiocresatelital.com\/?p=32543"},"modified":"2025-07-24T21:04:55","modified_gmt":"2025-07-24T21:04:55","slug":"ofrenda-floral-y-tributo-civico-a-bolivar-por-su-natalicio","status":"publish","type":"post","link":"https:\/\/radiocresatelital.com\/?p=32543","title":{"rendered":"Ofrenda floral y tributo c\u00edvico a Bol\u00edvar por su natalicio"},"content":{"rendered":"<p>Guayaquil.- En el marco de las celebraciones julianas, el Municipio de Guayaquil conmemor\u00f3 el 242\u00b0 aniversario del natalicio de Sim\u00f3n Bol\u00edvar con una ofrenda floral ante su monumento ecuestre, ubicado en el centro del Parque Seminario.<\/p>\n<p>La ceremonia congreg\u00f3 a concejales como Blanca L\u00f3pez, Nelly Pullas, Arturo Escala y Alfredo Bautista; a la Reina de Guayaquil, Jennifer Tutiv\u00e9n; delegaciones estudiantiles de la Academia Naval Almirante Illingworth y ciudadan\u00eda en general.<\/p>\n<p>Durante el acto, el subbrigadier mayor Luis Daniel Rojas Castro, alumno de dicha instituci\u00f3n educativa, destac\u00f3 el legado del Libertador con una emotiva intervenci\u00f3n:<\/p>\n<p>\u201cNo luch\u00f3 por la gloria personal, sino por la libertad de los pueblos. Su frase \u2018\u00a1Maldito sea el soldado que vuelva las armas contra su pueblo!\u2019 sigue siendo hoy un s\u00edmbolo de integridad, justicia y patriotismo\u201d<\/p>\n<p>El evento estuvo acompa\u00f1ado por la Banda Municipal, que interpret\u00f3 el Himno Nacional del Ecuador y el Himno a Guayaquil.<\/p>\n<p>El monumento ecuestre de Bol\u00edvar, esculpido por Giovanni Anderlini y fundido en bronce, es el segundo m\u00e1s antiguo de la ciudad. Su base de m\u00e1rmol de Carrara fue dise\u00f1ada por el arquitecto Rocco Queirolo. Fue inaugurado en 1889 como tributo al Libertador de Am\u00e9rica<\/p>\n","protected":false},"excerpt":{"rendered":"<p>Guayaquil.- En el marco de las celebraciones julianas, el Municipio de Guayaquil conmemor\u00f3 el 242\u00b0 aniversario del natalicio de Sim\u00f3n Bol\u00edvar con una ofrenda floral ante su monumento ecuestre, ubicado en el centro del Parque Seminario. La ceremonia congreg\u00f3 a concejales como Blanca L\u00f3pez, Nelly Pullas, Arturo Escala y Alfredo Bautista; a la Reina de [&hellip;]<\/p>\n","protected":false},"author":2,"featured_media":32544,"comment_status":"open","ping_status":"closed","sticky":false,"template":"","format":"standard","meta":{"_jetpack_memberships_contains_paid_content":false,"footnotes":""},"categories":[13],"tags":[114],"class_list":["post-32543","post","type-post","status-publish","format-standard","has-post-thumbnail","hentry","category-noticias-nacionales","tag-municipio-de-guayaquil"],"jetpack_featured_media_url":"https:\/\/radiocresatelital.com\/wp-content\/uploads\/2025\/07\/WhatsApp-Image-2025-07-24-at-09.41.23.jpeg","jetpack_sharing_enabled":true,"_links":{"self":[{"href":"https:\/\/radiocresatelital.com\/index.php?rest_route=\/wp\/v2\/posts\/32543","targetHints":{"allow":["GET"]}}],"collection":[{"href":"https:\/\/radiocresatelital.com\/index.php?rest_route=\/wp\/v2\/posts"}],"about":[{"href":"https:\/\/radiocresatelital.com\/index.php?rest_route=\/wp\/v2\/types\/post"}],"author":[{"embeddable":true,"href":"https:\/\/radiocresatelital.com\/index.php?rest_route=\/wp\/v2\/users\/2"}],"replies":[{"embeddable":true,"href":"https:\/\/radiocresatelital.com\/index.php?rest_route=%2Fwp%2Fv2%2Fcomments&post=32543"}],"version-history":[{"count":1,"href":"https:\/\/radiocresatelital.com\/index.php?rest_route=\/wp\/v2\/posts\/32543\/revisions"}],"predecessor-version":[{"id":32545,"href":"https:\/\/radiocresatelital.com\/index.php?rest_route=\/wp\/v2\/posts\/32543\/revisions\/32545"}],"wp:featuredmedia":[{"embeddable":true,"href":"https:\/\/radiocresatelital.com\/index.php?rest_route=\/wp\/v2\/media\/32544"}],"wp:attachment":[{"href":"https:\/\/radiocresatelital.com\/index.php?rest_route=%2Fwp%2Fv2%2Fmedia&parent=32543"}],"wp:term":[{"taxonomy":"category","embeddable":true,"href":"https:\/\/radiocresatelital.com\/index.php?rest_route=%2Fwp%2Fv2%2Fcategories&post=32543"},{"taxonomy":"post_tag","embeddable":true,"href":"https:\/\/radiocresatelital.com\/index.php?rest_route=%2Fwp%2Fv2%2Ftags&post=32543"}],"curies":[{"name":"wp","href":"https:\/\/api.w.org\/{rel}","templated":true}]}}