{"id":32540,"date":"2025-07-24T20:58:50","date_gmt":"2025-07-24T20:58:50","guid":{"rendered":"https:\/\/radiocresatelital.com\/?p=32540"},"modified":"2025-07-24T20:58:50","modified_gmt":"2025-07-24T20:58:50","slug":"municipio-rechaza-arbitrariedad-de-gobierno-central-en-revocatoria-de-registro-ambiental","status":"publish","type":"post","link":"https:\/\/radiocresatelital.com\/?p=32540","title":{"rendered":"Municipio rechaza arbitrariedad de Gobierno Central en revocatoria de registro ambiental"},"content":{"rendered":"<p>Guayaquil.- Con respaldo t\u00e9cnico, pol\u00edtico y ciudadano, el Municipio de Guayaquil rechaz\u00f3 la disposici\u00f3n del Gobierno central que exige a la Prefectura del Guayas anular el registro ambiental de la soluci\u00f3n vial que se ejecuta en la avenida del Bombero.<\/p>\n<p>Durante una rueda de prensa realizada en el Sal\u00f3n de la Ciudad, con la presencia de 12 concejales y representantes de la ciudadela Los Ceibos y del Colectivo V\u00eda a la Costa Progresa, autoridades municipales cuestionaron la legalidad y las implicaciones de la medida.<\/p>\n<p>La directora de Ambiente, Isabel Tamariz, advirti\u00f3 que el informe que sustenta la decisi\u00f3n carece de rigor t\u00e9cnico. \u201cPara nosotros es sumamente preocupante c\u00f3mo puede hacerse una comparativa de este tipo y utilizar la normativa ambiental de una manera tan arbitraria\u201d, se\u00f1al\u00f3, al referirse a la comparaci\u00f3n entre un paso elevado y una obra de pavimentaci\u00f3n de 42 kil\u00f3metros. Adem\u00e1s, alert\u00f3 que el documento \u201centre l\u00edneas, amenaza a la Prefectura con toparle la acreditaci\u00f3n ambiental\u201d.<\/p>\n<p><img decoding=\"async\" class=\"aligncenter\" src=\"https:\/\/guayaquil.gob.ec\/wp-content\/uploads\/2025\/07\/municipio-rechaza-arbitrariedad-en-revocatoria-02-300x224.jpg\" alt=\"Municipio rechaza arbitrariedad de Gobierno Central en revocatoria de registro ambiental\" \/><\/p>\n<p>La vicealcaldesa Tatiana Coronel denunci\u00f3 un trasfondo pol\u00edtico en la resoluci\u00f3n del Ministerio de Ambiente. \u00abPretenden perjudicar una relaci\u00f3n de m\u00e1s de 30 a\u00f1os con la CAF (\u2026). Y aunque hoy nos arrebatan de manera ileg\u00edtima esta obra, s\u00ed le queremos dejar en claro al pa\u00eds lo que est\u00e1n haciendo con esta ciudad. Porque no se trata solamente de un paso elevado, se trata de que quieren reducir, humillar y frenar el desarrollo de la ciudad (\u2026). Ma\u00f1ana viernes 25 de julio, el orgullo guayaquile\u00f1o se defiende\u201d, haciendo un llamado ciudadano a respaldar la autonom\u00eda de Guayaquil.<\/p>\n<p>Desde el Concejo Municipal, tambi\u00e9n se alzaron voces de rechazo. La concejal Emily Vera calific\u00f3 la medida como un atentado contra la descentralizaci\u00f3n: \u201cmarca un precedente nefasto para la autonom\u00eda de los gobiernos descentralizados\u201d. Cuestion\u00f3 adem\u00e1s la falta de sustento t\u00e9cnico para retirar permisos ya concedidos y record\u00f3 que \u201cno es la primera vez que Guayaquil tiene que luchar por lo que le corresponde\u201d, en referencia a los ocho meses que le tom\u00f3 al Gobierno firmar la garant\u00eda soberana del Quinto Acueducto.<\/p>\n<p>El impacto para la ciudad no es solo pol\u00edtico, sino tambi\u00e9n econ\u00f3mico. Carlos V\u00e1squez, director general de Obras P\u00fablicas, advirti\u00f3 que est\u00e1n en juego cerca de 30.000 empleos vinculados a 40 obras municipales que est\u00e1n en la programaci\u00f3n, con una inversi\u00f3n que supera USD 100 millones. \u201cObras como parques, canchas a lo largo y ancho de la ciudad, en la zona de Sergio Toral. Tenemos previsto tambi\u00e9n dotar de agua potable a la zona de Monte Sina\u00ed, con el Quinto Acueducto, que tambi\u00e9n forma parte de esta operaci\u00f3n de cr\u00e9dito con la CAF\u201d, concluy\u00f3.<\/p>\n","protected":false},"excerpt":{"rendered":"<p>Guayaquil.- Con respaldo t\u00e9cnico, pol\u00edtico y ciudadano, el Municipio de Guayaquil rechaz\u00f3 la disposici\u00f3n del Gobierno central que exige a la Prefectura del Guayas anular el registro ambiental de la soluci\u00f3n vial que se ejecuta en la avenida del Bombero. Durante una rueda de prensa realizada en el Sal\u00f3n de la Ciudad, con la presencia [&hellip;]<\/p>\n","protected":false},"author":2,"featured_media":32541,"comment_status":"open","ping_status":"closed","sticky":false,"template":"","format":"standard","meta":{"_jetpack_memberships_contains_paid_content":false,"footnotes":""},"categories":[33,13],"tags":[114],"class_list":["post-32540","post","type-post","status-publish","format-standard","has-post-thumbnail","hentry","category-guayaquil","category-noticias-nacionales","tag-municipio-de-guayaquil"],"jetpack_featured_media_url":"https:\/\/radiocresatelital.com\/wp-content\/uploads\/2025\/07\/municipio-rechaza-arbitrariedad-en-revocatoria-00.jpg","jetpack_sharing_enabled":true,"_links":{"self":[{"href":"https:\/\/radiocresatelital.com\/index.php?rest_route=\/wp\/v2\/posts\/32540","targetHints":{"allow":["GET"]}}],"collection":[{"href":"https:\/\/radiocresatelital.com\/index.php?rest_route=\/wp\/v2\/posts"}],"about":[{"href":"https:\/\/radiocresatelital.com\/index.php?rest_route=\/wp\/v2\/types\/post"}],"author":[{"embeddable":true,"href":"https:\/\/radiocresatelital.com\/index.php?rest_route=\/wp\/v2\/users\/2"}],"replies":[{"embeddable":true,"href":"https:\/\/radiocresatelital.com\/index.php?rest_route=%2Fwp%2Fv2%2Fcomments&post=32540"}],"version-history":[{"count":1,"href":"https:\/\/radiocresatelital.com\/index.php?rest_route=\/wp\/v2\/posts\/32540\/revisions"}],"predecessor-version":[{"id":32542,"href":"https:\/\/radiocresatelital.com\/index.php?rest_route=\/wp\/v2\/posts\/32540\/revisions\/32542"}],"wp:featuredmedia":[{"embeddable":true,"href":"https:\/\/radiocresatelital.com\/index.php?rest_route=\/wp\/v2\/media\/32541"}],"wp:attachment":[{"href":"https:\/\/radiocresatelital.com\/index.php?rest_route=%2Fwp%2Fv2%2Fmedia&parent=32540"}],"wp:term":[{"taxonomy":"category","embeddable":true,"href":"https:\/\/radiocresatelital.com\/index.php?rest_route=%2Fwp%2Fv2%2Fcategories&post=32540"},{"taxonomy":"post_tag","embeddable":true,"href":"https:\/\/radiocresatelital.com\/index.php?rest_route=%2Fwp%2Fv2%2Ftags&post=32540"}],"curies":[{"name":"wp","href":"https:\/\/api.w.org\/{rel}","templated":true}]}}