{"id":32534,"date":"2025-07-24T19:59:29","date_gmt":"2025-07-24T19:59:29","guid":{"rendered":"https:\/\/radiocresatelital.com\/?p=32534"},"modified":"2025-07-24T19:59:29","modified_gmt":"2025-07-24T19:59:29","slug":"asamblea-nacional-rinde-homenaje-a-los-490-anos-de-fundacion-de-guayaquil","status":"publish","type":"post","link":"https:\/\/radiocresatelital.com\/?p=32534","title":{"rendered":"Asamblea Nacional rinde homenaje a los 490 a\u00f1os de fundaci\u00f3n de Guayaquil"},"content":{"rendered":"<p>Guayaquil.- El Pleno de la Asamblea Nacional, presidido por Niels Olsen, este 24 de julio, en sesi\u00f3n solemne, rindi\u00f3 homenaje a los 490 a\u00f1os de fundaci\u00f3n de la ciudad de Guayaquil, capital econ\u00f3mica del Ecuador. Este acto conmemorativo cont\u00f3 con la presencia de los dignatarios de la Legislatura, las y los asamble\u00edstas nacionales, de las distintas provincias del pa\u00eds, de las circunscripciones del exterior, autoridades civiles, militares, policiales, eclesi\u00e1sticas y decenas de invitados especiales.<\/p>\n<p>La sesi\u00f3n inici\u00f3 con el ingreso del Estandarte Patrio. Luego, los asistentes entonaron el Himno Nacional del Ecuador. Posteriormente, Mara Cabanilla, rectora de la Universidad Tecnol\u00f3gica Empresarial de Guayaquil (UTEG), dio la bienvenida a los presentes; expres\u00f3 su orgullo como universidad por ser sede de esta importante ceremonia, que marca un hito importante en la vida de la Perla del Pac\u00edfico, ciudad que siempre ha sabido reinventarse ante la adversidad.<\/p>\n<p>M\u00e1s tarde, el historiador Rub\u00e9n Holgu\u00edn, exalt\u00f3 el aporte c\u00edvico y patri\u00f3tico de la ciudad a la consolidaci\u00f3n de la nacionalidad ecuatoriana. Record\u00f3 que la raz\u00f3n de la presencia de los espa\u00f1oles en su territorio fue la expansi\u00f3n mar\u00edtima, para lo cual se requer\u00eda contar con una infraestructura portuaria. Despu\u00e9s, Guayaquil se convirti\u00f3 en un emporio comercial y, tambi\u00e9n, fue cuna de hombres y mujeres que forjaron grandes luchas en pro de la libertad.<\/p>\n<p>El asamble\u00edsta por Guayas, Andr\u00e9s Guschmer, expres\u00f3 su saludo a Guayaquil, \u00a0destac\u00f3 la capacidad de resistencia de los guayaquile\u00f1os para defender los m\u00e1s caros principios, no solo del Ecuador, sino de otros pa\u00edses de la regi\u00f3n que necesitaron de apoyo, all\u00ed Guayaquil fue un faro que dio luz, con la misma valent\u00eda de \u201cLa Fragua de Vulcano\u201d. Por nuestra herencia hist\u00f3rica, \u201cnuestro segundo nombre deber\u00eda ser resurgir\u201d, enfatiz\u00f3.<\/p>\n<p>La ceremonia solemne tambi\u00e9n fue el marco propicio para entregar una veintena de reconocimientos de la Asamblea Nacional a personas e instituciones guayaquile\u00f1as, por su aporte al desarrollo de la ciudad y del pa\u00eds, entre los cuales se destacan Andr\u00e9s G\u00f3mez, deportista; Luz Pinos, artista; el general Pablo D\u00e1vila, por su servicio a la Polic\u00eda Nacional; Brayan de la Torre, futbolista; al Presidente de la C\u00e1mara de Comercio de Guayaquil; al Comit\u00e9 de Damas de la Sociedad de Lucha contra el C\u00e1ncer (SOLCA); Gerardo Mej\u00eda y H\u00e9ctor Jaramillo, cantantes.<\/p>\n<p>Acto seguido se exhibi\u00f3 un video conmemorativo por los 490 a\u00f1os de Fundaci\u00f3n de Guayaquil, en el cual se recogieron los principales rasgos del guayaquile\u00f1o, para luego engalanar la sala con un grupo de baile al son del tradicional Guayaquil de mis Amores.<\/p>\n<p>En su discurso, el presidente de la Asamblea Nacional, Niels Olsen, destac\u00f3 que Guayaquil es s\u00edmbolo de resiliencia, porque no se fund\u00f3 una vez, sino que lo hace cada vez que se levanta de una crisis. Subray\u00f3 que la Asamblea ha dado muestras de un trabajo eficiente a favor del pa\u00eds y, sobre todo, para garantizar una sociedad segura. \u00a0\u201cHemos venido no solo a conmemorar esa historia, sino a comprometernos con su presente y su futuro. \u201cPorque Guayaquil no solo necesita aplausos, necesita acci\u00f3n, necesita leyes que defiendan la seguridad\u201d, manifest\u00f3.<\/p>\n<p>Esta es una Asamblea de resultados, agreg\u00f3, al resaltar que junto al Gobierno Nacional se impulsa al pa\u00eds hacia adelante, como lo dispuso el pueblo ecuatoriano.<\/p>\n<p>Al cierre de la sesi\u00f3n, la Orquesta Sinf\u00f3nica de Guayaquil interpret\u00f3 el Himno a la ciudad Santiago de Guayaquil, para dar paso a la salida del Estandarte Nacional y de las autoridades.<\/p>\n","protected":false},"excerpt":{"rendered":"<p>Guayaquil.- El Pleno de la Asamblea Nacional, presidido por Niels Olsen, este 24 de julio, en sesi\u00f3n solemne, rindi\u00f3 homenaje a los 490 a\u00f1os de fundaci\u00f3n de la ciudad de Guayaquil, capital econ\u00f3mica del Ecuador. Este acto conmemorativo cont\u00f3 con la presencia de los dignatarios de la Legislatura, las y los asamble\u00edstas nacionales, de las [&hellip;]<\/p>\n","protected":false},"author":2,"featured_media":32535,"comment_status":"open","ping_status":"closed","sticky":false,"template":"","format":"standard","meta":{"_jetpack_memberships_contains_paid_content":false,"footnotes":""},"categories":[13],"tags":[472,4433],"class_list":["post-32534","post","type-post","status-publish","format-standard","has-post-thumbnail","hentry","category-noticias-nacionales","tag-asamblea-nacional","tag-niels-olsen"],"jetpack_featured_media_url":"https:\/\/radiocresatelital.com\/wp-content\/uploads\/2025\/07\/guayaquil_1.jpeg","jetpack_sharing_enabled":true,"_links":{"self":[{"href":"https:\/\/radiocresatelital.com\/index.php?rest_route=\/wp\/v2\/posts\/32534","targetHints":{"allow":["GET"]}}],"collection":[{"href":"https:\/\/radiocresatelital.com\/index.php?rest_route=\/wp\/v2\/posts"}],"about":[{"href":"https:\/\/radiocresatelital.com\/index.php?rest_route=\/wp\/v2\/types\/post"}],"author":[{"embeddable":true,"href":"https:\/\/radiocresatelital.com\/index.php?rest_route=\/wp\/v2\/users\/2"}],"replies":[{"embeddable":true,"href":"https:\/\/radiocresatelital.com\/index.php?rest_route=%2Fwp%2Fv2%2Fcomments&post=32534"}],"version-history":[{"count":1,"href":"https:\/\/radiocresatelital.com\/index.php?rest_route=\/wp\/v2\/posts\/32534\/revisions"}],"predecessor-version":[{"id":32536,"href":"https:\/\/radiocresatelital.com\/index.php?rest_route=\/wp\/v2\/posts\/32534\/revisions\/32536"}],"wp:featuredmedia":[{"embeddable":true,"href":"https:\/\/radiocresatelital.com\/index.php?rest_route=\/wp\/v2\/media\/32535"}],"wp:attachment":[{"href":"https:\/\/radiocresatelital.com\/index.php?rest_route=%2Fwp%2Fv2%2Fmedia&parent=32534"}],"wp:term":[{"taxonomy":"category","embeddable":true,"href":"https:\/\/radiocresatelital.com\/index.php?rest_route=%2Fwp%2Fv2%2Fcategories&post=32534"},{"taxonomy":"post_tag","embeddable":true,"href":"https:\/\/radiocresatelital.com\/index.php?rest_route=%2Fwp%2Fv2%2Ftags&post=32534"}],"curies":[{"name":"wp","href":"https:\/\/api.w.org\/{rel}","templated":true}]}}