{"id":32522,"date":"2025-07-23T23:02:08","date_gmt":"2025-07-23T23:02:08","guid":{"rendered":"https:\/\/radiocresatelital.com\/?p=32522"},"modified":"2025-07-24T03:04:14","modified_gmt":"2025-07-24T03:04:14","slug":"dia-mundial-del-perro-celebrar-adoptar-y-cuidar-con-responsabilidad","status":"publish","type":"post","link":"https:\/\/radiocresatelital.com\/?p=32522","title":{"rendered":"D\u00eda Mundial del Perro: celebrar, adoptar y cuidar con responsabilidad"},"content":{"rendered":"<p>Quito.- Cada 21 de julio celebramos el D\u00eda Mundial del Perro, una fecha que nos invita a reconocer la alegr\u00eda, fidelidad y amor incondicional que estos compa\u00f1eros nos brindan todos los d\u00edas.<\/p>\n<p>Adoptar un perro es mucho m\u00e1s que sumar un miembro a la familia; es abrir la puerta a una historia de segundas oportunidades, cari\u00f1o incondicional y bienestar compartido. Seg\u00fan datos de la Unidad de Bienestar Animal (UBA), en el 2024, m\u00e1s de 400 familias en Quito han registrado a sus mascotas, reflejando una creciente conciencia sobre la tenencia responsable y la importancia de construir v\u00ednculos basados en el afecto, la protecci\u00f3n y la convivencia armoniosa.<\/p>\n<ul>\n<li><strong>Compa\u00f1\u00eda y amor incondicional: <\/strong>Los perros son leales por naturaleza y brindan afecto constante, acompa\u00f1ando a sus cuidadores en cada etapa de la vida.<\/li>\n<li><strong>Bienestar f\u00edsico y emocional: <\/strong>Pasear con ellos fomenta la actividad f\u00edsica, reduce el estr\u00e9s y mejora el estado de \u00e1nimo.<\/li>\n<li><strong>Valor emocional<\/strong>: Integrar una mascota a la familia es una decisi\u00f3n que transforma vidas. Ofrecerle un hogar genera un profundo sentido de gratitud y realizaci\u00f3n.<\/li>\n<li><strong>Impacto en la comunidad: <\/strong>Cuidar a un animal contribuye a disminuir la cantidad de perros en situaci\u00f3n de calle y respalda el trabajo de organizaciones dedicadas al bienestar animal.<\/li>\n<\/ul>\n<p>Para M\u00f3nica D\u00edaz, zootecnista del equipo veterinario de Nestl\u00e9 Purina\u00ae Ecuador, <em>\u201cla adopci\u00f3n responsable comienza con un compromiso a largo plazo con el bienestar del animal. Esto incluye cuidados integrales que garanticen una vida saludable y feliz\u201d<\/em>.<\/p>\n<p>La especialista enfatiza que, para lograrlo, es esencial considerar lo siguiente:<\/p>\n<ul>\n<li><strong>Alimentaci\u00f3n adecuada:<\/strong> Una dieta balanceada, formulada seg\u00fan la etapa de vida del perro, impacta directamente en su salud y desarrollo. La zootecnista D\u00edaz, recomienda seleccionar el alimento en funci\u00f3n de las necesidades espec\u00edficas de cada perro.<\/li>\n<\/ul>\n<p>Por ejemplo, si se requiere fortalecer el sistema inmune de un cachorro, existen opciones como Pro Plan\u00ae Optistart, que contiene calostro; para perros adultos, Pro Plan\u00ae Adulto con espirulina apoya la inmunidad y la digesti\u00f3n; mientras que para perros senior, Pro Plan\u00ae Active Mind, con aceites bot\u00e1nicos, contribuye a mantener la agudeza mental. Adaptar la nutrici\u00f3n a cada etapa es parte del compromiso con su bienestar integral y calidad de vida.<\/p>\n<ul>\n<li><strong>Ejercicio regular:<\/strong> Los perros necesitan ejercicio diario para mantenerse sanos y felices. Es necesario asegurarse de brindar la suficiente actividad f\u00edsica.<\/li>\n<li><strong>Cuidado veterinario:<\/strong> Programar visitas regulares al veterinario para mantener a las mascotas al d\u00eda con vacunas y cuidados pertinentes.<\/li>\n<\/ul>\n<p>Como parte de su compromiso con el bienestar animal, Nestl\u00e9 Purina\u00ae Ecuador colabora activamente con refugios y organizaciones como Lucky Bienestar Animal, PAE, Fundaci\u00f3n y\/o El Gran Roque, donando alimentos formulados con nutrientes esenciales para apoyar la salud de los perros en situaci\u00f3n de vulnerabilidad. Estas alianzas buscan generar conciencia y fomentar una cultura de respeto y responsabilidad hacia los animales.<\/p>\n","protected":false},"excerpt":{"rendered":"<p>Quito.- Cada 21 de julio celebramos el D\u00eda Mundial del Perro, una fecha que nos invita a reconocer la alegr\u00eda, fidelidad y amor incondicional que estos compa\u00f1eros nos brindan todos los d\u00edas. Adoptar un perro es mucho m\u00e1s que sumar un miembro a la familia; es abrir la puerta a una historia de segundas oportunidades, [&hellip;]<\/p>\n","protected":false},"author":2,"featured_media":32523,"comment_status":"open","ping_status":"closed","sticky":false,"template":"","format":"standard","meta":{"_jetpack_memberships_contains_paid_content":false,"footnotes":""},"categories":[13],"tags":[5162],"class_list":["post-32522","post","type-post","status-publish","format-standard","has-post-thumbnail","hentry","category-noticias-nacionales","tag-dia-mundial-del-perro"],"jetpack_featured_media_url":"https:\/\/radiocresatelital.com\/wp-content\/uploads\/2025\/07\/WhatsApp-Image-2025-07-17-at-12.20.47.jpeg","jetpack_sharing_enabled":true,"_links":{"self":[{"href":"https:\/\/radiocresatelital.com\/index.php?rest_route=\/wp\/v2\/posts\/32522","targetHints":{"allow":["GET"]}}],"collection":[{"href":"https:\/\/radiocresatelital.com\/index.php?rest_route=\/wp\/v2\/posts"}],"about":[{"href":"https:\/\/radiocresatelital.com\/index.php?rest_route=\/wp\/v2\/types\/post"}],"author":[{"embeddable":true,"href":"https:\/\/radiocresatelital.com\/index.php?rest_route=\/wp\/v2\/users\/2"}],"replies":[{"embeddable":true,"href":"https:\/\/radiocresatelital.com\/index.php?rest_route=%2Fwp%2Fv2%2Fcomments&post=32522"}],"version-history":[{"count":1,"href":"https:\/\/radiocresatelital.com\/index.php?rest_route=\/wp\/v2\/posts\/32522\/revisions"}],"predecessor-version":[{"id":32524,"href":"https:\/\/radiocresatelital.com\/index.php?rest_route=\/wp\/v2\/posts\/32522\/revisions\/32524"}],"wp:featuredmedia":[{"embeddable":true,"href":"https:\/\/radiocresatelital.com\/index.php?rest_route=\/wp\/v2\/media\/32523"}],"wp:attachment":[{"href":"https:\/\/radiocresatelital.com\/index.php?rest_route=%2Fwp%2Fv2%2Fmedia&parent=32522"}],"wp:term":[{"taxonomy":"category","embeddable":true,"href":"https:\/\/radiocresatelital.com\/index.php?rest_route=%2Fwp%2Fv2%2Fcategories&post=32522"},{"taxonomy":"post_tag","embeddable":true,"href":"https:\/\/radiocresatelital.com\/index.php?rest_route=%2Fwp%2Fv2%2Ftags&post=32522"}],"curies":[{"name":"wp","href":"https:\/\/api.w.org\/{rel}","templated":true}]}}