{"id":32519,"date":"2025-07-24T00:55:58","date_gmt":"2025-07-24T00:55:58","guid":{"rendered":"https:\/\/radiocresatelital.com\/?p=32519"},"modified":"2025-07-24T02:58:37","modified_gmt":"2025-07-24T02:58:37","slug":"uber-black-llega-a-quito-y-guayaquil-con-una-nueva-experiencia-premium-de-viajes","status":"publish","type":"post","link":"https:\/\/radiocresatelital.com\/?p=32519","title":{"rendered":"Uber Black llega a Quito y Guayaquil con una nueva experiencia premium de viajes"},"content":{"rendered":"<p>Quito.- Uber anunci\u00f3 el lanzamiento de Uber Black en las ciudades de Quito y Guayaquil. Esta nueva opci\u00f3n dentro de la app est\u00e1 pensada para quienes buscan una experiencia de viaje m\u00e1s premium, con veh\u00edculos modernos, socios conductores altamente calificados por los usuarios y funciones dise\u00f1adas para personalizar cada viaje.<\/p>\n<p>\u201cUber est\u00e1 disponible desde hace ocho a\u00f1os en Ecuador y, durante este tiempo, hemos innovado a\u00f1o a a\u00f1o, para darles m\u00e1s opciones a los usuarios. Hoy lanzamos Uber Black como una alternativa pensada para quienes buscan un nivel m\u00e1s premium al momento de viajar\u201d, asegur\u00f3 Camilo Segura, gerente de comunicaciones de Uber para la Regi\u00f3n Andina.<\/p>\n<p>Uber Black est\u00e1 disponible para viajes que requieren algo m\u00e1s que lo habitual: reuniones de trabajo, cenas especiales o cualquier ocasi\u00f3n en la que el usuario quiera viajar con m\u00e1s comodidad y estilo.<\/p>\n<p>Los veh\u00edculos disponibles son veh\u00edculos modernos, como camionetas SUV, con espacio m\u00ednimo para cinco personas. Adem\u00e1s, los usuarios pueden indicar si prefieren conversar o mantener silencio, as\u00ed como ajustar la temperatura del veh\u00edculo desde la app.<\/p>\n<p>Segura a\u00f1adi\u00f3 que \u201clos socios conductores cuyos veh\u00edculos sean m\u00e1s espaciosos y confortables podr\u00e1n recibir solicitudes de Uber Black y generar m\u00e1s ganancias por viaje. Los veh\u00edculos deben estar dentro de la lista de modelos aceptados: ser modernos como del tipo SUV, contar con radio y aire acondicionado funcionando, y tener capacidad para al menos cinco personas, incluyendo al socio conductor.\u201d<\/p>\n<p>Uber Black se suma a las opciones de movilidad disponibles en Ecuador, entre ellas UberX, Uber Comfort, Uber Planet y Uber Flash. Actualmente, Uber est\u00e1 disponible en Quito, Guayaquil, Ambato, Ibarra, Manta, Machala, Salinas y Santo Domingo.<\/p>\n","protected":false},"excerpt":{"rendered":"<p>Quito.- Uber anunci\u00f3 el lanzamiento de Uber Black en las ciudades de Quito y Guayaquil. Esta nueva opci\u00f3n dentro de la app est\u00e1 pensada para quienes buscan una experiencia de viaje m\u00e1s premium, con veh\u00edculos modernos, socios conductores altamente calificados por los usuarios y funciones dise\u00f1adas para personalizar cada viaje. \u201cUber est\u00e1 disponible desde hace [&hellip;]<\/p>\n","protected":false},"author":2,"featured_media":32520,"comment_status":"open","ping_status":"closed","sticky":false,"template":"","format":"standard","meta":{"_jetpack_memberships_contains_paid_content":false,"footnotes":""},"categories":[13],"tags":[5186],"class_list":["post-32519","post","type-post","status-publish","format-standard","has-post-thumbnail","hentry","category-noticias-nacionales","tag-uber-black"],"jetpack_featured_media_url":"https:\/\/radiocresatelital.com\/wp-content\/uploads\/2025\/07\/IMG_4112.jpeg","jetpack_sharing_enabled":true,"_links":{"self":[{"href":"https:\/\/radiocresatelital.com\/index.php?rest_route=\/wp\/v2\/posts\/32519","targetHints":{"allow":["GET"]}}],"collection":[{"href":"https:\/\/radiocresatelital.com\/index.php?rest_route=\/wp\/v2\/posts"}],"about":[{"href":"https:\/\/radiocresatelital.com\/index.php?rest_route=\/wp\/v2\/types\/post"}],"author":[{"embeddable":true,"href":"https:\/\/radiocresatelital.com\/index.php?rest_route=\/wp\/v2\/users\/2"}],"replies":[{"embeddable":true,"href":"https:\/\/radiocresatelital.com\/index.php?rest_route=%2Fwp%2Fv2%2Fcomments&post=32519"}],"version-history":[{"count":1,"href":"https:\/\/radiocresatelital.com\/index.php?rest_route=\/wp\/v2\/posts\/32519\/revisions"}],"predecessor-version":[{"id":32521,"href":"https:\/\/radiocresatelital.com\/index.php?rest_route=\/wp\/v2\/posts\/32519\/revisions\/32521"}],"wp:featuredmedia":[{"embeddable":true,"href":"https:\/\/radiocresatelital.com\/index.php?rest_route=\/wp\/v2\/media\/32520"}],"wp:attachment":[{"href":"https:\/\/radiocresatelital.com\/index.php?rest_route=%2Fwp%2Fv2%2Fmedia&parent=32519"}],"wp:term":[{"taxonomy":"category","embeddable":true,"href":"https:\/\/radiocresatelital.com\/index.php?rest_route=%2Fwp%2Fv2%2Fcategories&post=32519"},{"taxonomy":"post_tag","embeddable":true,"href":"https:\/\/radiocresatelital.com\/index.php?rest_route=%2Fwp%2Fv2%2Ftags&post=32519"}],"curies":[{"name":"wp","href":"https:\/\/api.w.org\/{rel}","templated":true}]}}