{"id":32495,"date":"2025-07-24T01:54:06","date_gmt":"2025-07-24T01:54:06","guid":{"rendered":"https:\/\/radiocresatelital.com\/?p=32495"},"modified":"2025-07-24T01:54:06","modified_gmt":"2025-07-24T01:54:06","slug":"490-anos-de-historia-festejados-con-la-fuerza-de-la-juventud-guayaquilena","status":"publish","type":"post","link":"https:\/\/radiocresatelital.com\/?p=32495","title":{"rendered":"490 a\u00f1os de historia festejados con la fuerza de la juventud guayaquile\u00f1a"},"content":{"rendered":"<p>Guayaquil.- En el marco de la Agenda Juliana, que conmemora los 490 a\u00f1os de fundaci\u00f3n de la ciudad, la Gobernaci\u00f3n del<br \/>\nGuayas organiz\u00f3 una jornada inolvidable llena de talento joven y expresiones art\u00edsticas que exaltaron el orgullo, la cultura y la pasi\u00f3n guayaquile\u00f1a. Bajo el liderazgo de Zaida Rovira, y en articulaci\u00f3n con el Ministerio de Educaci\u00f3n, la calle Aguirre se convirti\u00f3 en el epicentro de una celebraci\u00f3n que uni\u00f3 generaciones y desbord\u00f3 emociones.<\/p>\n<p><strong>\u201cBandas de Paz #LikePorGYE\u201d<\/strong><br \/>\nCon elegancia, precisi\u00f3n y energ\u00eda contagiante, las agrupaciones estudiantiles desfilaron con paso firme que estremecieron al p\u00fablico.<\/p>\n<p>Unidad Educativa Nikola Tesla: Primer lugar<br \/>\nUnidad Educativa San Luis Rey de Francia: Segundo lugar<br \/>\nUnidad Educativa Anne Sullivan: Tercer lugar:<br \/>\n\u201cOratoria \u201cGuayaquil no tiene tiempo que perder\u201d<br \/>\nLa palabra se volvi\u00f3 arte. J\u00f3venes con voz clara y pensamiento firme regalaron<br \/>\ndiscursos que tocaron el alma y hablaron de futuro.<br \/>\nUnidad Educativa Fiscal 28 de mayo: Primer lugar: Sasha Mera Franco<br \/>\nUnidad Educativa Instituto Coello: Segundo lugar: Derling Ortiz Linares<br \/>\nUnidad Educativa Fiscal Aguirre Abad: Tercer lugar: Yimayra Ram\u00f3n Zavala<br \/>\n\u201cMi Voz por Guayaquil\u201d<\/p>\n<p><img decoding=\"async\" class=\"aligncenter\" src=\"https:\/\/imagenes.expreso.ec\/files\/image_1200_675\/uploads\/2025\/07\/01\/68645b990cc9a.png\" alt=\"Guayaquil celebra 490 a\u00f1os: gu\u00eda completa de las Fiestas Julianas 2025\" \/><br \/>\n<strong>La m\u00fasica encontr\u00f3 su voz en los j\u00f3venes que estremecieron corazones con cada nota.<\/strong><\/p>\n<p>Unidad Educativa Benjam\u00edn Bloom: Primer lugar: Cristina Vera Montero<br \/>\nUnidad Educativa Fiscal Le\u00f3nidas Garc\u00eda: Segundo lugar: Eymi Gamarra<br \/>\nUnidad Educativa Las Acacias: Tercer lugar: Yever Cabezas Qui\u00f1\u00f3nez<br \/>\nDurante la jornada, el tr\u00edo Las Damas de Oro emocion\u00f3 con el tema \u201cMi tierra\u201d, y recibi\u00f3 la condecoraci\u00f3n \u201cEstrella Porte\u00f1a por su brillante participaci\u00f3n en el certamen internacional de Vi\u00f1a del Mar.<\/p>\n<p>Al caer la noche, lleg\u00f3 el Tarimazo Bailable Guayaco, una explosi\u00f3n de ritmo y color donde artistas locales rindieron homenaje musical a Guayaquil. La ciudad cant\u00f3 y bail\u00f3 al ritmo de su historia viva.<\/p>\n<p>\u201cGuayaquil merece que la celebremos con su gente. Hoy los j\u00f3venes nos han ense\u00f1ado que el amor por esta tierra se canta, se defiende y se vive con fuerza,\u201d expres\u00f3 emocionada la gobernadora Zaida Rovira, mientras compart\u00eda con los asistentes.<\/p>\n<p>La Gobernaci\u00f3n del Guayas, junto a su comunidad educativa y cultural, honra a la ciudad que lo da todo. Guayaquil late con la voz de su gente, con el talento de sus j\u00f3venes y con el compromiso de un pueblo que nunca deja de creer.<\/p>\n","protected":false},"excerpt":{"rendered":"<p>Guayaquil.- En el marco de la Agenda Juliana, que conmemora los 490 a\u00f1os de fundaci\u00f3n de la ciudad, la Gobernaci\u00f3n del Guayas organiz\u00f3 una jornada inolvidable llena de talento joven y expresiones art\u00edsticas que exaltaron el orgullo, la cultura y la pasi\u00f3n guayaquile\u00f1a. Bajo el liderazgo de Zaida Rovira, y en articulaci\u00f3n con el Ministerio [&hellip;]<\/p>\n","protected":false},"author":2,"featured_media":32496,"comment_status":"open","ping_status":"closed","sticky":false,"template":"","format":"standard","meta":{"_jetpack_memberships_contains_paid_content":false,"footnotes":""},"categories":[13],"tags":[964,1598],"class_list":["post-32495","post","type-post","status-publish","format-standard","has-post-thumbnail","hentry","category-noticias-nacionales","tag-gobernacion-del-guayas","tag-zaida-rovira"],"jetpack_featured_media_url":"https:\/\/radiocresatelital.com\/wp-content\/uploads\/2025\/07\/desfile-listo1.jpg","jetpack_sharing_enabled":true,"_links":{"self":[{"href":"https:\/\/radiocresatelital.com\/index.php?rest_route=\/wp\/v2\/posts\/32495","targetHints":{"allow":["GET"]}}],"collection":[{"href":"https:\/\/radiocresatelital.com\/index.php?rest_route=\/wp\/v2\/posts"}],"about":[{"href":"https:\/\/radiocresatelital.com\/index.php?rest_route=\/wp\/v2\/types\/post"}],"author":[{"embeddable":true,"href":"https:\/\/radiocresatelital.com\/index.php?rest_route=\/wp\/v2\/users\/2"}],"replies":[{"embeddable":true,"href":"https:\/\/radiocresatelital.com\/index.php?rest_route=%2Fwp%2Fv2%2Fcomments&post=32495"}],"version-history":[{"count":1,"href":"https:\/\/radiocresatelital.com\/index.php?rest_route=\/wp\/v2\/posts\/32495\/revisions"}],"predecessor-version":[{"id":32497,"href":"https:\/\/radiocresatelital.com\/index.php?rest_route=\/wp\/v2\/posts\/32495\/revisions\/32497"}],"wp:featuredmedia":[{"embeddable":true,"href":"https:\/\/radiocresatelital.com\/index.php?rest_route=\/wp\/v2\/media\/32496"}],"wp:attachment":[{"href":"https:\/\/radiocresatelital.com\/index.php?rest_route=%2Fwp%2Fv2%2Fmedia&parent=32495"}],"wp:term":[{"taxonomy":"category","embeddable":true,"href":"https:\/\/radiocresatelital.com\/index.php?rest_route=%2Fwp%2Fv2%2Fcategories&post=32495"},{"taxonomy":"post_tag","embeddable":true,"href":"https:\/\/radiocresatelital.com\/index.php?rest_route=%2Fwp%2Fv2%2Ftags&post=32495"}],"curies":[{"name":"wp","href":"https:\/\/api.w.org\/{rel}","templated":true}]}}