{"id":32485,"date":"2025-07-23T19:33:51","date_gmt":"2025-07-23T19:33:51","guid":{"rendered":"https:\/\/radiocresatelital.com\/?p=32485"},"modified":"2025-07-23T19:34:03","modified_gmt":"2025-07-23T19:34:03","slug":"ecuador-reafirma-su-compromiso-con-la-proteccion-de-la-biodiversidad-durante-cumbre-de-la-alianza-global-en-guyana","status":"publish","type":"post","link":"https:\/\/radiocresatelital.com\/?p=32485","title":{"rendered":"Ecuador reafirma su compromiso con la protecci\u00f3n de la biodiversidad durante Cumbre de la Alianza Global en Guyana"},"content":{"rendered":"<p>Quito.- En calidad de delegada del Presidente Daniel Noboa Az\u00edn, la vicepresidenta del Ecuador, Mar\u00eda Jos\u00e9 Pinto, intervino este 23 de julio en la sesi\u00f3n plenaria de la Cumbre de la Alianza Global para la Biodiversidad, celebrada en Guyana bajo la conducci\u00f3n del presidente Mohamed Irfaan Al\u00ed. La plenaria reuni\u00f3 a jefes de Estado y ministros de pa\u00edses como Barbados, San Vicente y las Granadinas, Belice e India, para debatir sobre avances, desaf\u00edos y oportunidades en materia de biodiversidad.<\/p>\n<p>Durante su discurso, la segunda mandataria destac\u00f3 el compromiso del presidente Noboa con la protecci\u00f3n de la biodiversidad como una prioridad nacional, \u201cconstruyendo un nuevo modelo que une conservaci\u00f3n con transformaci\u00f3n econ\u00f3mica, colocando tanto a las personas como a la naturaleza en el centro del desarrollo.\u201d<\/p>\n<p><strong>Entre los logros presentados por Ecuador se destacan:<\/strong><\/p>\n<ul>\n<li>\n<ul>\n<li>El mayor canje de deuda por naturaleza en la historia, que generar\u00e1 m\u00e1s de USD 400 millones para la conservaci\u00f3n, gobernanza forestal y medios de vida locales en la Amazon\u00eda ecuatoriana.<\/li>\n<li>Financiamiento garantizado por 50 a\u00f1os para el Parque Nacional Yasun\u00ed.<\/li>\n<li>Implementaci\u00f3n de tecnolog\u00edas como blockchain para para canalizar inversi\u00f3n privada hacia resultados ambientales medibles.<\/li>\n<li>Aprobaci\u00f3n de la Ley Org\u00e1nica para la Recuperaci\u00f3n de \u00c1reas Protegidas, que promueve la colaboraci\u00f3n p\u00fablico-privada-comunitaria para restaurar ecosistemas. Este logro fue reconocido por el presidente de Guyana en su discurso de apertura.<\/li>\n<\/ul>\n<\/li>\n<\/ul>\n<p>\u201cEstos esfuerzos no solo protegen los ecosistemas. Generan ingresos. Crean empleos dignos. Abordan las causas estructurales de la pobreza \u2014 especialmente en zonas rurales e ind\u00edgenas\u201d, se\u00f1al\u00f3 Mar\u00eda Jos\u00e9 Pinto.<\/p>\n<p><img decoding=\"async\" src=\"https:\/\/www.vicepresidencia.gob.ec\/wp-content\/uploads\/2025\/07\/1QIMG_1763-1-scaled.jpg\" \/><br \/>\n\u201cEstos esfuerzos no solo protegen los ecosistemas. Generan ingresos. Crean empleos dignos. Abordan las causas estructurales de la pobreza \u2014 especialmente en zonas rurales e ind\u00edgenas\u201d.<\/p>\n<p>La intervenci\u00f3n de la vicepresidenta, en coherencia con su firme compromiso en la lucha contra la desnutrici\u00f3n infantil y su liderazgo en el sector social, subray\u00f3 la importancia de la conservaci\u00f3n para garantizar el acceso a agua limpia: \u201c\u2026especialmente para nuestra ni\u00f1ez. Cuando las familias generan ingresos a partir de actividades basadas en la naturaleza, pueden alimentar mejor a sus hijos \u2014 contribuyendo a reducir la desnutrici\u00f3n infantil, un desaf\u00edo tanto moral como de desarrollo. Cuando los esfuerzos de conservaci\u00f3n respaldan escuelas, centros de salud e infraestructura local, se convierten en cimientos de equidad, no en obst\u00e1culos para el crecimiento.\u201d<\/p>\n<p>Ecuador reafirma as\u00ed su voluntad de ser parte activa de los pa\u00edses que ven en la biodiversidad una oportunidad para generar justicia, equidad y prosperidad compartida.<\/p>\n<p>Como parte de la participaci\u00f3n ecuatoriana en esta cumbre se promueven una serie de reuniones bilaterales con los l\u00edderes participantes, iniciando con el presidente anfitri\u00f3n, Mohamed Irfaan Ali. Su agenda finalizar\u00e1 con una reuni\u00f3n de car\u00e1cter t\u00e9cnico con la ministra de Servicios Humanos y Seguridad Social de Guyana, Vindhya Persaud donde dialogar\u00e1n sobre temas de inter\u00e9s de la gesti\u00f3n vicepresidencial.<\/p>\n","protected":false},"excerpt":{"rendered":"<p>Quito.- En calidad de delegada del Presidente Daniel Noboa Az\u00edn, la vicepresidenta del Ecuador, Mar\u00eda Jos\u00e9 Pinto, intervino este 23 de julio en la sesi\u00f3n plenaria de la Cumbre de la Alianza Global para la Biodiversidad, celebrada en Guyana bajo la conducci\u00f3n del presidente Mohamed Irfaan Al\u00ed. La plenaria reuni\u00f3 a jefes de Estado y [&hellip;]<\/p>\n","protected":false},"author":2,"featured_media":32486,"comment_status":"open","ping_status":"closed","sticky":false,"template":"","format":"standard","meta":{"_jetpack_memberships_contains_paid_content":false,"footnotes":""},"categories":[13],"tags":[4767,1336],"class_list":["post-32485","post","type-post","status-publish","format-standard","has-post-thumbnail","hentry","category-noticias-nacionales","tag-maria-jose-pinto","tag-vicepresidenta-de-la-republica"],"jetpack_featured_media_url":"https:\/\/radiocresatelital.com\/wp-content\/uploads\/2025\/07\/oficial_guayana-1536x899-1.jpg","jetpack_sharing_enabled":true,"_links":{"self":[{"href":"https:\/\/radiocresatelital.com\/index.php?rest_route=\/wp\/v2\/posts\/32485","targetHints":{"allow":["GET"]}}],"collection":[{"href":"https:\/\/radiocresatelital.com\/index.php?rest_route=\/wp\/v2\/posts"}],"about":[{"href":"https:\/\/radiocresatelital.com\/index.php?rest_route=\/wp\/v2\/types\/post"}],"author":[{"embeddable":true,"href":"https:\/\/radiocresatelital.com\/index.php?rest_route=\/wp\/v2\/users\/2"}],"replies":[{"embeddable":true,"href":"https:\/\/radiocresatelital.com\/index.php?rest_route=%2Fwp%2Fv2%2Fcomments&post=32485"}],"version-history":[{"count":2,"href":"https:\/\/radiocresatelital.com\/index.php?rest_route=\/wp\/v2\/posts\/32485\/revisions"}],"predecessor-version":[{"id":32488,"href":"https:\/\/radiocresatelital.com\/index.php?rest_route=\/wp\/v2\/posts\/32485\/revisions\/32488"}],"wp:featuredmedia":[{"embeddable":true,"href":"https:\/\/radiocresatelital.com\/index.php?rest_route=\/wp\/v2\/media\/32486"}],"wp:attachment":[{"href":"https:\/\/radiocresatelital.com\/index.php?rest_route=%2Fwp%2Fv2%2Fmedia&parent=32485"}],"wp:term":[{"taxonomy":"category","embeddable":true,"href":"https:\/\/radiocresatelital.com\/index.php?rest_route=%2Fwp%2Fv2%2Fcategories&post=32485"},{"taxonomy":"post_tag","embeddable":true,"href":"https:\/\/radiocresatelital.com\/index.php?rest_route=%2Fwp%2Fv2%2Ftags&post=32485"}],"curies":[{"name":"wp","href":"https:\/\/api.w.org\/{rel}","templated":true}]}}