{"id":32380,"date":"2025-07-21T22:44:32","date_gmt":"2025-07-21T22:44:32","guid":{"rendered":"https:\/\/radiocresatelital.com\/?p=32380"},"modified":"2025-07-21T22:46:32","modified_gmt":"2025-07-21T22:46:32","slug":"32380","status":"publish","type":"post","link":"https:\/\/radiocresatelital.com\/?p=32380","title":{"rendered":"Fue Presentado el Festival del Cangrejo Rojo 2025 en la Gobernaci\u00f3n del Guayas"},"content":{"rendered":"<p>Guayaquil.- Con gran entusiasmo se desarroll\u00f3 la rueda de prensa oficial del Festival del Cangrejo Rojo 2025, en el Sal\u00f3n Sim\u00f3n Bol\u00edvar de la Gobernaci\u00f3n del Guayas, evento que cont\u00f3 con la presencia de autoridades provinciales, municipales y representantes del sector tur\u00edstico.<\/p>\n<p>Durante su intervenci\u00f3n, la Ab. Zaida Rovira, Gobernadora del Guayas, reiter\u00f3 el firme respaldo de la Gobernaci\u00f3n a esta iniciativa que enaltece nuestras tradiciones culinarias, promueve el turismo y dinamiza la econom\u00eda local.<\/p>\n<p>Adem\u00e1s, enfatiz\u00f3 que la seguridad ciudadana estar\u00e1 plenamente garantizada durante toda la jornada del festival, gracias a la coordinaci\u00f3n con la Polic\u00eda Nacional, Fuerzas Armadas y entidades de respuesta inmediata.<\/p>\n<p>Por su parte, el alcalde de Naranjal, Juan Carlos Rivera, hizo una cordial invitaci\u00f3n a la ciudadan\u00eda de todo el pa\u00eds a ser parte de este evento sin precedentes que se desarrollar\u00e1 este domingo 3 de agosto desde las 08h00 hasta las 02h00 locales (13h00 hasta las 07h00 GMT) en la Av. Olmedo, en Naranjal. \u201cQueremos que las familias disfruten con tranquilidad de nuestra gastronom\u00eda, m\u00fasica y cultura\u201d, manifest\u00f3.<\/p>\n<p>El presidente de AME Guayas, Ing. Roberto Cantos, en representaci\u00f3n de los 25 municipios de la provincia, reconoci\u00f3 al Festival del Cangrejo Rojo como un evento emblem\u00e1tico que proyecta a Guayas como un referente cultural y tur\u00edstico del Ecuador. \u201cNo solo es un festival, es una vitrina nacional e internacional que fortalece la identidad de nuestros pueblos\u201d, se\u00f1al\u00f3.<\/p>\n<p>Desde la Direcci\u00f3n de Turismo, se destac\u00f3 que todos los alimentos ser\u00e1n preparados bajo estrictos est\u00e1ndares de calidad por diez reconocidos chefs, quienes sorprender\u00e1n con m\u00e1s de 30 recetas creativas a base de cangrejo rojo,<br \/>\nincluyendo platos innovadores como sushi, hamburguesas, ceviches y el infaltable cangrejo criollo. Tambi\u00e9n se anunci\u00f3 la presentaci\u00f3n de artistas nacionales e internacionales, as\u00ed como actividades culturales y concursos para el disfrute de grandes y chicos.<\/p>\n<p>Este domingo 3 de agosto viviremos juntos el evento gastron\u00f3mico m\u00e1s importante del pa\u00eds, donde adem\u00e1s buscaremos establecer un r\u00e9cord Guinness con la ensalada de cangrejo m\u00e1s grande del mundo, elaborada con media tonelada de pulpa de cangrejo rojo y que servir\u00e1 alrededor de 50.000 platos<\/p>\n","protected":false},"excerpt":{"rendered":"<p>Guayaquil.- Con gran entusiasmo se desarroll\u00f3 la rueda de prensa oficial del Festival del Cangrejo Rojo 2025, en el Sal\u00f3n Sim\u00f3n Bol\u00edvar de la Gobernaci\u00f3n del Guayas, evento que cont\u00f3 con la presencia de autoridades provinciales, municipales y representantes del sector tur\u00edstico. Durante su intervenci\u00f3n, la Ab. Zaida Rovira, Gobernadora del Guayas, reiter\u00f3 el firme [&hellip;]<\/p>\n","protected":false},"author":2,"featured_media":32381,"comment_status":"open","ping_status":"closed","sticky":false,"template":"","format":"standard","meta":{"_jetpack_memberships_contains_paid_content":false,"footnotes":""},"categories":[13],"tags":[5165,964],"class_list":["post-32380","post","type-post","status-publish","format-standard","has-post-thumbnail","hentry","category-noticias-nacionales","tag-festival-del-cangrejo-rojo-2025","tag-gobernacion-del-guayas"],"jetpack_featured_media_url":"https:\/\/radiocresatelital.com\/wp-content\/uploads\/2025\/07\/DSC3771-scaled.jpg","jetpack_sharing_enabled":true,"_links":{"self":[{"href":"https:\/\/radiocresatelital.com\/index.php?rest_route=\/wp\/v2\/posts\/32380","targetHints":{"allow":["GET"]}}],"collection":[{"href":"https:\/\/radiocresatelital.com\/index.php?rest_route=\/wp\/v2\/posts"}],"about":[{"href":"https:\/\/radiocresatelital.com\/index.php?rest_route=\/wp\/v2\/types\/post"}],"author":[{"embeddable":true,"href":"https:\/\/radiocresatelital.com\/index.php?rest_route=\/wp\/v2\/users\/2"}],"replies":[{"embeddable":true,"href":"https:\/\/radiocresatelital.com\/index.php?rest_route=%2Fwp%2Fv2%2Fcomments&post=32380"}],"version-history":[{"count":2,"href":"https:\/\/radiocresatelital.com\/index.php?rest_route=\/wp\/v2\/posts\/32380\/revisions"}],"predecessor-version":[{"id":32383,"href":"https:\/\/radiocresatelital.com\/index.php?rest_route=\/wp\/v2\/posts\/32380\/revisions\/32383"}],"wp:featuredmedia":[{"embeddable":true,"href":"https:\/\/radiocresatelital.com\/index.php?rest_route=\/wp\/v2\/media\/32381"}],"wp:attachment":[{"href":"https:\/\/radiocresatelital.com\/index.php?rest_route=%2Fwp%2Fv2%2Fmedia&parent=32380"}],"wp:term":[{"taxonomy":"category","embeddable":true,"href":"https:\/\/radiocresatelital.com\/index.php?rest_route=%2Fwp%2Fv2%2Fcategories&post=32380"},{"taxonomy":"post_tag","embeddable":true,"href":"https:\/\/radiocresatelital.com\/index.php?rest_route=%2Fwp%2Fv2%2Ftags&post=32380"}],"curies":[{"name":"wp","href":"https:\/\/api.w.org\/{rel}","templated":true}]}}