{"id":32360,"date":"2025-07-21T18:28:38","date_gmt":"2025-07-21T18:28:38","guid":{"rendered":"https:\/\/radiocresatelital.com\/?p=32360"},"modified":"2025-07-21T21:30:33","modified_gmt":"2025-07-21T21:30:33","slug":"portela-celebra-su-segundo-aniversario-como-el-primer-gastro-shopping-del-pais","status":"publish","type":"post","link":"https:\/\/radiocresatelital.com\/?p=32360","title":{"rendered":"Portela celebra su segundo aniversario como el primer gastro shopping del pa\u00eds"},"content":{"rendered":"<p>Guayaquil. \u2013 Portela, el primer gastro shopping del Ecuador ubicado en Mall del Sol, celebra dos a\u00f1os de haber innovado la forma en la que vivimos la gastronom\u00eda, el arte y el entretenimiento en un solo lugar.<\/p>\n<p>Desde su apertura en julio de 2023, Portela se ha convertido en un punto de encuentro para quienes buscan experiencias distintas. La oferta abarca desde platos tradicionales como ceviches, hasta sabores internacionales como sushi, pasta italiana, comida mexicana y c\u00f3cteles de autor, haciendo de cada visita una experiencia sensorial completa.<\/p>\n<p>\u00abPortela naci\u00f3 con la visi\u00f3n de ser mucho m\u00e1s que un espacio comercial; quer\u00edamos crear un lugar donde el arte, la gastronom\u00eda y la cultura convivan y se nutran mutuamente. Ver c\u00f3mo este sue\u00f1o ha crecido en solo dos a\u00f1os, nos llena de orgullo y nos motiva a seguir apostando por lo diferente\u00bb, mencion\u00f3 Sof\u00eda Naranjo, Gerente Corporativo Comercial y Desarrollo de Mobilsol.<\/p>\n<p>Su propuesta culinaria ha destacado especialmente por Co Cooking, una zona de cocina en vivo donde m\u00e1s de 24 chefs han compartido sus creaciones en tiempo real. Este espacio ha sido no solo un destino para los amantes del buen comer, sino que tambi\u00e9n se ha consolidado como un lugar que impulsa el talento emergente del pa\u00eds. En Las Tablas, su escenario musical, m\u00e1s de 200 cantantes han tenido la oportunidad de presentarse en vivo y conectar con nuevos p\u00fablicos.<\/p>\n<p>Por otro lado, su hall de ingreso se ha convertido en una plataforma para exhibir el arte de talentos locales, en lo que se ha denominado Galer\u00eda Portela. Por sus murales han pasado diez artistas, desde pintores como Pedro S\u00e1nchez, Raymundo Valdez, Maggie Camps y Fernando Ins\u00faa; artistas digitales como Luciano Koenig y Pandecato; creadores visuales como Ma. Lorena Pe\u00f1a; escultores como Steff Alarc\u00f3n y Jorge Cadena; e incluso dise\u00f1adores de alfombras como Ingrid Puruncajas.<\/p>\n<p>Para celebrar este segundo aniversario, Portela invita a sus clientes a ser parte de un recorrido lleno de sabor. Del 18 de julio al 3 de agosto, los visitantes podr\u00e1n participar en una din\u00e1mica especial con un pasaporte gastron\u00f3mico, donde cada restaurante tendr\u00e1 espacio para acumular sellos por cada consumo. Al completar los cuatro sellos de un local, los clientes recibir\u00e1n una recompensa, para seguir explorando los sabores del lugar. Adem\u00e1s, quienes completen todos los sellos de todas las marcas participantes, entrar\u00e1n al sorteo de una giftcard de consumo de $200.<\/p>\n<p>Este segundo aniversario no solo celebra el crecimiento de un concepto disruptivo, sino tambi\u00e9n el impacto positivo que ha tenido en la ciudad al convertirse en un espacio para emprendedores, artistas y chefs que buscan compartir su pasi\u00f3n.<\/p>\n","protected":false},"excerpt":{"rendered":"<p>Guayaquil. \u2013 Portela, el primer gastro shopping del Ecuador ubicado en Mall del Sol, celebra dos a\u00f1os de haber innovado la forma en la que vivimos la gastronom\u00eda, el arte y el entretenimiento en un solo lugar. Desde su apertura en julio de 2023, Portela se ha convertido en un punto de encuentro para quienes [&hellip;]<\/p>\n","protected":false},"author":2,"featured_media":32361,"comment_status":"open","ping_status":"closed","sticky":false,"template":"","format":"standard","meta":{"_jetpack_memberships_contains_paid_content":false,"footnotes":""},"categories":[13],"tags":[5160],"class_list":["post-32360","post","type-post","status-publish","format-standard","has-post-thumbnail","hentry","category-noticias-nacionales","tag-portela"],"jetpack_featured_media_url":"https:\/\/radiocresatelital.com\/wp-content\/uploads\/2025\/07\/WhatsApp-Image-2025-07-21-at-09.38.52.jpeg","jetpack_sharing_enabled":true,"_links":{"self":[{"href":"https:\/\/radiocresatelital.com\/index.php?rest_route=\/wp\/v2\/posts\/32360","targetHints":{"allow":["GET"]}}],"collection":[{"href":"https:\/\/radiocresatelital.com\/index.php?rest_route=\/wp\/v2\/posts"}],"about":[{"href":"https:\/\/radiocresatelital.com\/index.php?rest_route=\/wp\/v2\/types\/post"}],"author":[{"embeddable":true,"href":"https:\/\/radiocresatelital.com\/index.php?rest_route=\/wp\/v2\/users\/2"}],"replies":[{"embeddable":true,"href":"https:\/\/radiocresatelital.com\/index.php?rest_route=%2Fwp%2Fv2%2Fcomments&post=32360"}],"version-history":[{"count":1,"href":"https:\/\/radiocresatelital.com\/index.php?rest_route=\/wp\/v2\/posts\/32360\/revisions"}],"predecessor-version":[{"id":32362,"href":"https:\/\/radiocresatelital.com\/index.php?rest_route=\/wp\/v2\/posts\/32360\/revisions\/32362"}],"wp:featuredmedia":[{"embeddable":true,"href":"https:\/\/radiocresatelital.com\/index.php?rest_route=\/wp\/v2\/media\/32361"}],"wp:attachment":[{"href":"https:\/\/radiocresatelital.com\/index.php?rest_route=%2Fwp%2Fv2%2Fmedia&parent=32360"}],"wp:term":[{"taxonomy":"category","embeddable":true,"href":"https:\/\/radiocresatelital.com\/index.php?rest_route=%2Fwp%2Fv2%2Fcategories&post=32360"},{"taxonomy":"post_tag","embeddable":true,"href":"https:\/\/radiocresatelital.com\/index.php?rest_route=%2Fwp%2Fv2%2Ftags&post=32360"}],"curies":[{"name":"wp","href":"https:\/\/api.w.org\/{rel}","templated":true}]}}