{"id":32348,"date":"2025-07-21T18:07:54","date_gmt":"2025-07-21T18:07:54","guid":{"rendered":"https:\/\/radiocresatelital.com\/?p=32348"},"modified":"2025-07-21T21:09:25","modified_gmt":"2025-07-21T21:09:25","slug":"vita-alimentos-inaugura-nuevo-centro-de-distribucion-y-amplia-su-capacidad-logistica","status":"publish","type":"post","link":"https:\/\/radiocresatelital.com\/?p=32348","title":{"rendered":"Vita Alimentos inaugura nuevo Centro de Distribuci\u00f3n y ampl\u00eda su capacidad log\u00edstica"},"content":{"rendered":"<p>Quito.- Vita Alimentos inaugur\u00f3 su nuevo Centro de Distribuci\u00f3n (CDN), una moderna infraestructura ubicada al norte de la ciudad de Quito, en el sector de Ponciano Industrial. Este espacio est\u00e1 dise\u00f1ado para optimizar la entrega de productos en el norte del pa\u00eds, reducir los tiempos de despacho y mejorar la atenci\u00f3n a miles de puntos de venta en Ecuador.<\/p>\n<p>El nuevo centro incorpora tecnolog\u00eda de \u00faltima generaci\u00f3n para la gesti\u00f3n de inventarios y trazabilidad, lo que permite operaciones m\u00e1s \u00e1giles y seguras. El sistema digital implementado facilita el monitoreo en tiempo real del inventario y el control automatizado de los procesos log\u00edsticos, mejorando la precisi\u00f3n y reduciendo el margen de error. Con una capacidad superior a los 350.000 litros, incluyendo productos refrigerados y congelados, centraliza las operaciones log\u00edsticas de forma m\u00e1s eficiente. Este centro est\u00e1 dise\u00f1ado para almacenar y distribuir todo el portafolio de la compa\u00f1\u00eda lo cual garantiza una operaci\u00f3n vers\u00e1til ajustada a las necesidades de nuestros distribuidores y clientes.<\/p>\n<p>Asimismo, desde este centro se coordinar\u00e1 tambi\u00e9n la salida de productos destinados a mercados internacionales, fortaleciendo la capacidad exportadora de la compa\u00f1\u00eda.<\/p>\n<p>Adem\u00e1s, el CDN incorpora un sistema de sedimentaci\u00f3n para el tratamiento de aguas provenientes del lavado de jabas, reduciendo su carga contaminante antes de ser descargadas a la red de alcantarillado. Esta soluci\u00f3n ambiental est\u00e1 alineada con los principios de sostenibilidad y compromiso ambiental que forman parte del prop\u00f3sito de la marca.<\/p>\n<p>\u201cEste centro refleja nuestra visi\u00f3n de futuro. Nos permite llegar con mayor rapidez y seguir ofreciendo productos frescos y de calidad con la eficiencia que nos caracteriza\u201d, se\u00f1al\u00f3 Daniel Orbe, Gerente General de Vita Alimentos. Agreg\u00f3: \u201cAdem\u00e1s, responde a nuestro enfoque de sostenibilidad y expansi\u00f3n. Estamos construyendo una red log\u00edstica moderna, responsable y preparada para los desaf\u00edos de un mercado en constante evoluci\u00f3n\u201d. El CDN se suma a otros centros operativos en Quito, Tulc\u00e1n, Ibarra, Ambato y Guayaquil, fortaleciendo as\u00ed una red nacional de distribuci\u00f3n que respalda el crecimiento sostenido de la compa\u00f1\u00eda.<\/p>\n<p>La apertura del CDN reafirma el compromiso de Vita Alimentos por innovar en todos sus procesos, adaptarse a las demandas del mercado y mantener el liderazgo en el sector. Con esta acci\u00f3n, la compa\u00f1\u00eda da un paso m\u00e1s hacia una operaci\u00f3n m\u00e1s integrada y eficiente.<\/p>\n","protected":false},"excerpt":{"rendered":"<p>Quito.- Vita Alimentos inaugur\u00f3 su nuevo Centro de Distribuci\u00f3n (CDN), una moderna infraestructura ubicada al norte de la ciudad de Quito, en el sector de Ponciano Industrial. Este espacio est\u00e1 dise\u00f1ado para optimizar la entrega de productos en el norte del pa\u00eds, reducir los tiempos de despacho y mejorar la atenci\u00f3n a miles de puntos [&hellip;]<\/p>\n","protected":false},"author":2,"featured_media":32349,"comment_status":"open","ping_status":"closed","sticky":false,"template":"","format":"standard","meta":{"_jetpack_memberships_contains_paid_content":false,"footnotes":""},"categories":[13],"tags":[5158],"class_list":["post-32348","post","type-post","status-publish","format-standard","has-post-thumbnail","hentry","category-noticias-nacionales","tag-vita-alimentos"],"jetpack_featured_media_url":"https:\/\/radiocresatelital.com\/wp-content\/uploads\/2025\/07\/WhatsApp-Image-2025-07-21-at-14.39.04.jpeg","jetpack_sharing_enabled":true,"_links":{"self":[{"href":"https:\/\/radiocresatelital.com\/index.php?rest_route=\/wp\/v2\/posts\/32348","targetHints":{"allow":["GET"]}}],"collection":[{"href":"https:\/\/radiocresatelital.com\/index.php?rest_route=\/wp\/v2\/posts"}],"about":[{"href":"https:\/\/radiocresatelital.com\/index.php?rest_route=\/wp\/v2\/types\/post"}],"author":[{"embeddable":true,"href":"https:\/\/radiocresatelital.com\/index.php?rest_route=\/wp\/v2\/users\/2"}],"replies":[{"embeddable":true,"href":"https:\/\/radiocresatelital.com\/index.php?rest_route=%2Fwp%2Fv2%2Fcomments&post=32348"}],"version-history":[{"count":1,"href":"https:\/\/radiocresatelital.com\/index.php?rest_route=\/wp\/v2\/posts\/32348\/revisions"}],"predecessor-version":[{"id":32350,"href":"https:\/\/radiocresatelital.com\/index.php?rest_route=\/wp\/v2\/posts\/32348\/revisions\/32350"}],"wp:featuredmedia":[{"embeddable":true,"href":"https:\/\/radiocresatelital.com\/index.php?rest_route=\/wp\/v2\/media\/32349"}],"wp:attachment":[{"href":"https:\/\/radiocresatelital.com\/index.php?rest_route=%2Fwp%2Fv2%2Fmedia&parent=32348"}],"wp:term":[{"taxonomy":"category","embeddable":true,"href":"https:\/\/radiocresatelital.com\/index.php?rest_route=%2Fwp%2Fv2%2Fcategories&post=32348"},{"taxonomy":"post_tag","embeddable":true,"href":"https:\/\/radiocresatelital.com\/index.php?rest_route=%2Fwp%2Fv2%2Ftags&post=32348"}],"curies":[{"name":"wp","href":"https:\/\/api.w.org\/{rel}","templated":true}]}}