{"id":32345,"date":"2025-07-21T20:59:49","date_gmt":"2025-07-21T20:59:49","guid":{"rendered":"https:\/\/radiocresatelital.com\/?p=32345"},"modified":"2025-07-21T20:59:49","modified_gmt":"2025-07-21T20:59:49","slug":"ministro-del-deporte-entrega-obras-en-estadio-metropolitano-de-montecristi","status":"publish","type":"post","link":"https:\/\/radiocresatelital.com\/?p=32345","title":{"rendered":"Ministro del Deporte entrega obras en estadio Metropolitano de Montecristi"},"content":{"rendered":"<p>Manab\u00ed. \u2013 Un renovado Estadio Metropolitano \u201cEloy Alfaro\u201d de Montecristi, recibi\u00f3 este lunes la visita del Ministro del deporte, Jos\u00e9 David Jim\u00e9nez, quien entreg\u00f3 oficialmente las obras de adecuaci\u00f3n que se realizaron por parte de esta Cartera de Estado.<\/p>\n<p>En el acto estuvieron presentes la gobernadora de Manab\u00ed, Aurora Valle; el alcalde de Montecristi, Jonathan Toro; el presidente de Federaci\u00f3n Deportiva de Manab\u00ed, Juan Carlos Basurto, el principal de la Liga Cantonal, Alfonso Murillo, entre otras personalidades.<\/p>\n<p>La seleccionada de taekwondo de Montecristi, Valeska Carrillo, intervino en la ceremonia, en representaci\u00f3n de los deportistas. \u201cEn nombre de todos los atletas quiero agradecer profundamente el compromiso demostrado con el fortalecimiento del deporte en nuestro cant\u00f3n. Hoy celebramos no solo la entrega de obras de infraestructura para el estadio, sino tambi\u00e9n una oportunidad para seguir creciendo, entrenando y forj\u00e1ndonos como deportistas\u201d, coment\u00f3 Valeska.<\/p>\n<p>Mantenimiento de estructura y cubierta met\u00e1lica en los dos grader\u00edos, rehabilitaci\u00f3n interna de camerinos con labores de pintura, colocaci\u00f3n de c\u00e9sped sint\u00e9tico en el piso, de cer\u00e1mica antideslizante en bater\u00edas sanitarias, mantenimiento a puertas y ventanas en los camerinos, reposici\u00f3n de piezas sanitarias y del sistema el\u00e9ctrico, fueron los trabajos que se ejecutaron en el escenario.<\/p>\n<p>\u00abEsta obra es una se\u00f1al clara de que el Estado est\u00e1 presente, de que no hay territorios olvidados y que el deporte ha dejado de ser una promesa para convertirse en acci\u00f3n. Porque esta actividad no solo forma campeones, tambi\u00e9n forma ciudadanos y en cada cancha rehabilitada, en cada estadio mejorado, tambi\u00e9n se entrena la esperanza de un pa\u00eds m\u00e1s justo y unido\u00bb, coment\u00f3 Jos\u00e9 David Jim\u00e9nez.<\/p>\n<p>La obra que forma parte del Proyecto de Inversi\u00f3n \u00abOptimizaci\u00f3n de Infraestructura Deportiva a Nivel Nacional\u00bb, liderado por el Ministerio del Deporte, se inici\u00f3 el 17 de febrero y culmin\u00f3 el 18 de abril, bajo la tutela de la empresa Renovaconstruc, por un monto de $ 42.102.<\/p>\n<p>De la jornada participaron estudiantes de varias Unidades Educativas de Montecristi, beneficiarios del Servicio Act\u00edvate, deportistas, dirigentes, autoridades seccionales y ciudadan\u00eda en general.<\/p>\n","protected":false},"excerpt":{"rendered":"<p>Manab\u00ed. \u2013 Un renovado Estadio Metropolitano \u201cEloy Alfaro\u201d de Montecristi, recibi\u00f3 este lunes la visita del Ministro del deporte, Jos\u00e9 David Jim\u00e9nez, quien entreg\u00f3 oficialmente las obras de adecuaci\u00f3n que se realizaron por parte de esta Cartera de Estado. En el acto estuvieron presentes la gobernadora de Manab\u00ed, Aurora Valle; el alcalde de Montecristi, Jonathan [&hellip;]<\/p>\n","protected":false},"author":2,"featured_media":32346,"comment_status":"open","ping_status":"closed","sticky":false,"template":"","format":"standard","meta":{"_jetpack_memberships_contains_paid_content":false,"footnotes":""},"categories":[9],"tags":[5157,169],"class_list":["post-32345","post","type-post","status-publish","format-standard","has-post-thumbnail","hentry","category-deportes","tag-estadio-metropolitano-eloy-alfaro-de-montecristi","tag-ministerio-del-deporte"],"jetpack_featured_media_url":"https:\/\/radiocresatelital.com\/wp-content\/uploads\/2025\/07\/WhatsApp-Image-2025-07-21-at-11.12.21-1536x1024-1.jpeg","jetpack_sharing_enabled":true,"_links":{"self":[{"href":"https:\/\/radiocresatelital.com\/index.php?rest_route=\/wp\/v2\/posts\/32345","targetHints":{"allow":["GET"]}}],"collection":[{"href":"https:\/\/radiocresatelital.com\/index.php?rest_route=\/wp\/v2\/posts"}],"about":[{"href":"https:\/\/radiocresatelital.com\/index.php?rest_route=\/wp\/v2\/types\/post"}],"author":[{"embeddable":true,"href":"https:\/\/radiocresatelital.com\/index.php?rest_route=\/wp\/v2\/users\/2"}],"replies":[{"embeddable":true,"href":"https:\/\/radiocresatelital.com\/index.php?rest_route=%2Fwp%2Fv2%2Fcomments&post=32345"}],"version-history":[{"count":1,"href":"https:\/\/radiocresatelital.com\/index.php?rest_route=\/wp\/v2\/posts\/32345\/revisions"}],"predecessor-version":[{"id":32347,"href":"https:\/\/radiocresatelital.com\/index.php?rest_route=\/wp\/v2\/posts\/32345\/revisions\/32347"}],"wp:featuredmedia":[{"embeddable":true,"href":"https:\/\/radiocresatelital.com\/index.php?rest_route=\/wp\/v2\/media\/32346"}],"wp:attachment":[{"href":"https:\/\/radiocresatelital.com\/index.php?rest_route=%2Fwp%2Fv2%2Fmedia&parent=32345"}],"wp:term":[{"taxonomy":"category","embeddable":true,"href":"https:\/\/radiocresatelital.com\/index.php?rest_route=%2Fwp%2Fv2%2Fcategories&post=32345"},{"taxonomy":"post_tag","embeddable":true,"href":"https:\/\/radiocresatelital.com\/index.php?rest_route=%2Fwp%2Fv2%2Ftags&post=32345"}],"curies":[{"name":"wp","href":"https:\/\/api.w.org\/{rel}","templated":true}]}}