{"id":32339,"date":"2025-07-21T20:33:45","date_gmt":"2025-07-21T20:33:45","guid":{"rendered":"https:\/\/radiocresatelital.com\/?p=32339"},"modified":"2025-07-21T20:33:45","modified_gmt":"2025-07-21T20:33:45","slug":"nahomi-jativa-logra-nueva-medalla-para-el-movistar-best-pc","status":"publish","type":"post","link":"https:\/\/radiocresatelital.com\/?p=32339","title":{"rendered":"Nahomi J\u00e1tiva logra nueva medalla para el Movistar Best PC"},"content":{"rendered":"<p>Quito.- La corredora del Movistar Best PC, Nahomi J\u00e1tiva sigue cosechando medallas y t\u00edtulos en la actual temporada. Esta vez lo hizo representando a la selecci\u00f3n de Ecuador en el Campeonato Panamericano Juvenil de Pista, que se desarrolla en Lima, Per\u00fa.<\/p>\n<p>Tras lograr el t\u00edtulo en la modalidad de ruta de los Juegos Nacionales Juveniles, Manab\u00ed 2025, la carchense sum\u00f3 la presea de plata en la prueba de eliminaci\u00f3n realizada en el vel\u00f3dromo de la Villa Deportiva Nacional de la capital peruana.<\/p>\n<p>\u201cEste logro significa mucho para m\u00ed, pues es una medalla que la ven\u00eda buscando y prepar\u00e1ndome desde que fui seleccionada\u201d, mencion\u00f3 la actual campeona de la Vuelta a la Juventud en la categor\u00eda juvenil.<\/p>\n<p>La pedalista del Movistar Best PC finaliz\u00f3 por detr\u00e1s de la colombiana Yalecza Mar\u00edn Guar\u00edn y por delante de la mexicana Alejandra Valent\u00edn Ceja, quien complet\u00f3 el podio de la competencia.<\/p>\n<p>Una vez que recibi\u00f3 la presea, J\u00e1tiva, reconocida como la mejor deportista de Tulc\u00e1n por parte de ese municipio, mencion\u00f3 que \u201cla medalla es resultado de todo el trabajo que he realizado en estos d\u00edas\u201d.<\/p>\n<p>Al tiempo que analiz\u00f3 la prueba de eliminaci\u00f3n. \u201cLa carrera estuvo muy dif\u00edcil, con un ritmo muy fuerte; incluso en medio de la competencia hubo algunas ca\u00eddas, pero gracias a Dios en ninguna estuve inmiscuida y obtuvimos este buen resultado para el pa\u00eds\u201d.<\/p>\n<p>Pese a saborear uno de los lugares en el podio, la ciclista del Movistar Best PC no se conforma y buscar\u00e1 conseguir una nueva presea en las siguientes modalidades en las que intervendr\u00e1: omnium y persecuci\u00f3n individual.<\/p>\n","protected":false},"excerpt":{"rendered":"<p>Quito.- La corredora del Movistar Best PC, Nahomi J\u00e1tiva sigue cosechando medallas y t\u00edtulos en la actual temporada. Esta vez lo hizo representando a la selecci\u00f3n de Ecuador en el Campeonato Panamericano Juvenil de Pista, que se desarrolla en Lima, Per\u00fa. Tras lograr el t\u00edtulo en la modalidad de ruta de los Juegos Nacionales Juveniles, [&hellip;]<\/p>\n","protected":false},"author":2,"featured_media":32340,"comment_status":"open","ping_status":"closed","sticky":false,"template":"","format":"standard","meta":{"_jetpack_memberships_contains_paid_content":false,"footnotes":""},"categories":[120,9],"tags":[1029,5156],"class_list":["post-32339","post","type-post","status-publish","format-standard","has-post-thumbnail","hentry","category-ciclismo","category-deportes","tag-movistar-best-pc","tag-nahomi-jativa"],"jetpack_featured_media_url":"https:\/\/radiocresatelital.com\/wp-content\/uploads\/2025\/07\/WhatsApp-Image-2025-07-20-at-17.06.23.jpeg","jetpack_sharing_enabled":true,"_links":{"self":[{"href":"https:\/\/radiocresatelital.com\/index.php?rest_route=\/wp\/v2\/posts\/32339","targetHints":{"allow":["GET"]}}],"collection":[{"href":"https:\/\/radiocresatelital.com\/index.php?rest_route=\/wp\/v2\/posts"}],"about":[{"href":"https:\/\/radiocresatelital.com\/index.php?rest_route=\/wp\/v2\/types\/post"}],"author":[{"embeddable":true,"href":"https:\/\/radiocresatelital.com\/index.php?rest_route=\/wp\/v2\/users\/2"}],"replies":[{"embeddable":true,"href":"https:\/\/radiocresatelital.com\/index.php?rest_route=%2Fwp%2Fv2%2Fcomments&post=32339"}],"version-history":[{"count":1,"href":"https:\/\/radiocresatelital.com\/index.php?rest_route=\/wp\/v2\/posts\/32339\/revisions"}],"predecessor-version":[{"id":32341,"href":"https:\/\/radiocresatelital.com\/index.php?rest_route=\/wp\/v2\/posts\/32339\/revisions\/32341"}],"wp:featuredmedia":[{"embeddable":true,"href":"https:\/\/radiocresatelital.com\/index.php?rest_route=\/wp\/v2\/media\/32340"}],"wp:attachment":[{"href":"https:\/\/radiocresatelital.com\/index.php?rest_route=%2Fwp%2Fv2%2Fmedia&parent=32339"}],"wp:term":[{"taxonomy":"category","embeddable":true,"href":"https:\/\/radiocresatelital.com\/index.php?rest_route=%2Fwp%2Fv2%2Fcategories&post=32339"},{"taxonomy":"post_tag","embeddable":true,"href":"https:\/\/radiocresatelital.com\/index.php?rest_route=%2Fwp%2Fv2%2Ftags&post=32339"}],"curies":[{"name":"wp","href":"https:\/\/api.w.org\/{rel}","templated":true}]}}