{"id":32323,"date":"2025-07-21T18:48:15","date_gmt":"2025-07-21T18:48:15","guid":{"rendered":"https:\/\/radiocresatelital.com\/?p=32323"},"modified":"2025-07-21T18:48:15","modified_gmt":"2025-07-21T18:48:15","slug":"mas-de-800-mil-atenciones-gratuitas-mejoran-la-vida-de-personas-con-discapacidad-en-guayaquil","status":"publish","type":"post","link":"https:\/\/radiocresatelital.com\/?p=32323","title":{"rendered":"M\u00e1s de 800 mil atenciones gratuitas mejoran la vida de personas con discapacidad en Guayaquil"},"content":{"rendered":"<p>Guayaquil.- La Perla del Pac\u00edfico, Guayaquil avanza hacia una meta ambiciosa: convertirse en una ciudad inclusiva y referente nacional en 2027 con la creaci\u00f3n de 19 \u00c1reas Territoriales Inclusivas (ATIS). Este proyecto busca que miles de familias accedan a terapias, educaci\u00f3n, ayudas t\u00e9cnicas y respaldo emocional sin salir de sus barrios.<\/p>\n<p>Durante la administraci\u00f3n del alcalde Aquiles Alvarez, los programas municipales destinados a personas con discapacidad han brindado 809.000 atenciones gratuitas, desde servicios terap\u00e9uticos y psicol\u00f3gicos hasta la entrega de sillas de ruedas, andadores, pa\u00f1ales, colchones y cojines antiescaras. Este apoyo representa un ahorro de alrededor de mil d\u00f3lares por familia, un respiro econ\u00f3mico que impulsa el desarrollo integral de ni\u00f1os y adolescentes.<\/p>\n<p>Este logro es impulsado por la Direcci\u00f3n de Inclusi\u00f3n Social (DIS) del Cabildo porte\u00f1o, que lidera una pol\u00edtica pionera con el Registro Social Municipal (RSM). A trav\u00e9s de visitas puerta a puerta, este mecanismo levanta informaci\u00f3n georreferenciada para identificar necesidades reales y acercar soluciones efectivas a cada hogar.<\/p>\n<p>De acuerdo con el Consejo Nacional para la Igualdad de Discapacidades (CONADIS), hasta diciembre de 2024, Guayaquil registr\u00f3 75.728 personas con discapacidad f\u00edsica, intelectual, auditiva, visual, psicosocial o de lenguaje. De ellas, 17.819 ya fueron localizadas en sectores como Mucho Lote, Basti\u00f3n Popular, Guasmo, Sergio Toral, Isla Trinitaria y Orqu\u00eddeas, y reciben atenci\u00f3n integral.<\/p>\n<p><img decoding=\"async\" src=\"https:\/\/guayaquil.gob.ec\/wp-content\/uploads\/2025\/07\/atenciones-gratuitas-mejoran-vida-personas-discapacidad-guayaquil4.jpg\" alt=\"M\u00e1s de 800 mil atenciones gratuitas mejoran la vida de personas con  discapacidad en Guayaquil \u2013 Alcald\u00eda de Guayaquil\" \/><br \/>\nActualmente, la ciudad dispone de 3 Centros Municipales y 5 ATIS. Est\u00e1 prevista la apertura de 4 m\u00e1s en las calles 29 y Oriente, Parque Samanes, Flor de Basti\u00f3n y la parroquia Posorja. El objetivo es desconcentrar la atenci\u00f3n municipal mediante la creaci\u00f3n de 19 ATIS hasta 2027, para que ning\u00fan barrio quede sin acceso a estos servicios.<\/p>\n<p>\u201cLo que se busca es dar ese acompa\u00f1amiento emocional, psicol\u00f3gico, terap\u00e9utico a la familia de la persona que tiene discapacidad para construir comunidades protectoras y fortalecer el n\u00facleo familiar\u201d, destac\u00f3 la directora de la DIS, Amanda Arboleda.<\/p>\n<p>La labor municipal se articula con 24 organizaciones sociales mediante la Ordenanza de Apoyo Econ\u00f3mico para la Inclusi\u00f3n e Integraci\u00f3n Social, que ofrece servicios de escolaridad, psicoterapia, atenci\u00f3n neurol\u00f3gica y psiqui\u00e1trica, adem\u00e1s de convenios para deporte inclusivo, capacitaciones en lengua de se\u00f1as, formaci\u00f3n de cuidadores y programas para fomentar la inclusi\u00f3n econ\u00f3mica y laboral de personas con discapacidad.<\/p>\n<p>Con cada nueva ATIS, Guayaquil reafirma su compromiso de impulsar salud, educaci\u00f3n, trabajo y bienestar a sus grupos de atenci\u00f3n prioritaria, demostrando que la verdadera inclusi\u00f3n empieza cuando la ciudad llega a la puerta de cada hogar.<\/p>\n","protected":false},"excerpt":{"rendered":"<p>Guayaquil.- La Perla del Pac\u00edfico, Guayaquil avanza hacia una meta ambiciosa: convertirse en una ciudad inclusiva y referente nacional en 2027 con la creaci\u00f3n de 19 \u00c1reas Territoriales Inclusivas (ATIS). Este proyecto busca que miles de familias accedan a terapias, educaci\u00f3n, ayudas t\u00e9cnicas y respaldo emocional sin salir de sus barrios. Durante la administraci\u00f3n del [&hellip;]<\/p>\n","protected":false},"author":2,"featured_media":32324,"comment_status":"open","ping_status":"closed","sticky":false,"template":"","format":"standard","meta":{"_jetpack_memberships_contains_paid_content":false,"footnotes":""},"categories":[33,13],"tags":[4516,5151],"class_list":["post-32323","post","type-post","status-publish","format-standard","has-post-thumbnail","hentry","category-guayaquil","category-noticias-nacionales","tag-direccion-de-inclusion-social","tag-registro-social-municipal"],"jetpack_featured_media_url":"https:\/\/radiocresatelital.com\/wp-content\/uploads\/2025\/07\/atenciones-gratuitas-mejoran-vida-personas-discapacidad-guayaquil2.jpg","jetpack_sharing_enabled":true,"_links":{"self":[{"href":"https:\/\/radiocresatelital.com\/index.php?rest_route=\/wp\/v2\/posts\/32323","targetHints":{"allow":["GET"]}}],"collection":[{"href":"https:\/\/radiocresatelital.com\/index.php?rest_route=\/wp\/v2\/posts"}],"about":[{"href":"https:\/\/radiocresatelital.com\/index.php?rest_route=\/wp\/v2\/types\/post"}],"author":[{"embeddable":true,"href":"https:\/\/radiocresatelital.com\/index.php?rest_route=\/wp\/v2\/users\/2"}],"replies":[{"embeddable":true,"href":"https:\/\/radiocresatelital.com\/index.php?rest_route=%2Fwp%2Fv2%2Fcomments&post=32323"}],"version-history":[{"count":1,"href":"https:\/\/radiocresatelital.com\/index.php?rest_route=\/wp\/v2\/posts\/32323\/revisions"}],"predecessor-version":[{"id":32325,"href":"https:\/\/radiocresatelital.com\/index.php?rest_route=\/wp\/v2\/posts\/32323\/revisions\/32325"}],"wp:featuredmedia":[{"embeddable":true,"href":"https:\/\/radiocresatelital.com\/index.php?rest_route=\/wp\/v2\/media\/32324"}],"wp:attachment":[{"href":"https:\/\/radiocresatelital.com\/index.php?rest_route=%2Fwp%2Fv2%2Fmedia&parent=32323"}],"wp:term":[{"taxonomy":"category","embeddable":true,"href":"https:\/\/radiocresatelital.com\/index.php?rest_route=%2Fwp%2Fv2%2Fcategories&post=32323"},{"taxonomy":"post_tag","embeddable":true,"href":"https:\/\/radiocresatelital.com\/index.php?rest_route=%2Fwp%2Fv2%2Ftags&post=32323"}],"curies":[{"name":"wp","href":"https:\/\/api.w.org\/{rel}","templated":true}]}}