{"id":32317,"date":"2025-07-21T18:11:13","date_gmt":"2025-07-21T18:11:13","guid":{"rendered":"https:\/\/radiocresatelital.com\/?p=32317"},"modified":"2025-07-21T18:11:13","modified_gmt":"2025-07-21T18:11:13","slug":"caf-superviso-en-guayaquil-el-avance-de-obras-estrategicas-del-programa-caf-xvi","status":"publish","type":"post","link":"https:\/\/radiocresatelital.com\/?p=32317","title":{"rendered":"CAF supervis\u00f3 en Guayaquil el avance de obras estrat\u00e9gicas del Programa CAF XVI"},"content":{"rendered":"<p>Guayaquil.- En el marco de ejecuci\u00f3n de los Programas de cr\u00e9dito vigentes con el Banco de Desarrollo de Am\u00e9rica Latina y el Caribe (CAF), se realiz\u00f3 una misi\u00f3n t\u00e9cnica de seguimiento a cada uno de los proyectos que integran los referidos programas en Guayaquil, orientados a fortalecer la infraestructura urbana, la movilidad sostenible y los servicios b\u00e1sicos en la ciudad.<\/p>\n<p>Durante esta misi\u00f3n de seguimiento, uno de los proyectos visitados por el organismo multilateral fue la soluci\u00f3n vial en la avenida del Bombero, dise\u00f1ada tambi\u00e9n con \u00e9nfasis en la movilidad peatonal; adem\u00e1s de otros proyectos de movilidad, alcantarillado y vialidad.<\/p>\n<p><img decoding=\"async\" class=\"aligncenter\" src=\"https:\/\/guayaquil.gob.ec\/wp-content\/uploads\/2025\/07\/caf-superviso-guayaquil-avance-obras-estrategicas-programa-caf-xvi7.jpg\" alt=\"CAF supervis\u00f3 en Guayaquil el avance de obras estrat\u00e9gicas del Programa CAF  XVI \u2013 Alcald\u00eda de Guayaquil\" \/><br \/>\nTras los recorridos, los miembros de la misi\u00f3n CAF constataron el cumplimiento de las condiciones contractuales (t\u00e9cnicas, ambientales y sociales), de los proyectos visitados, ratificando lo evaluado en la consecuci\u00f3n de los cr\u00e9ditos, lo cual refleja la solidez del modelo de planificaci\u00f3n que aplica el Municipio de Guayaquil.<\/p>\n<p>Esta visita se enmarca en el cronograma de seguimiento que CAF aplica a todas las etapas (evaluaci\u00f3n, consecuci\u00f3n, ejecuci\u00f3n y cierre del cr\u00e9dito) de los proyectos que financia. Adem\u00e1s de verificar el avance f\u00edsico, estas misiones permiten asegurar que las inversiones respondan a las necesidades reales de la Planificaci\u00f3n Territorial de la ciudad. En Guayaquil, este acompa\u00f1amiento reafirma el compromiso conjunto por ejecutar obras con enfoque de sostenibilidad.<\/p>\n","protected":false},"excerpt":{"rendered":"<p>Guayaquil.- En el marco de ejecuci\u00f3n de los Programas de cr\u00e9dito vigentes con el Banco de Desarrollo de Am\u00e9rica Latina y el Caribe (CAF), se realiz\u00f3 una misi\u00f3n t\u00e9cnica de seguimiento a cada uno de los proyectos que integran los referidos programas en Guayaquil, orientados a fortalecer la infraestructura urbana, la movilidad sostenible y los [&hellip;]<\/p>\n","protected":false},"author":2,"featured_media":32318,"comment_status":"open","ping_status":"closed","sticky":false,"template":"","format":"standard","meta":{"_jetpack_memberships_contains_paid_content":false,"footnotes":""},"categories":[33,13],"tags":[3157],"class_list":["post-32317","post","type-post","status-publish","format-standard","has-post-thumbnail","hentry","category-guayaquil","category-noticias-nacionales","tag-banco-de-desarrollo-de-america-latina-y-el-caribe"],"jetpack_featured_media_url":"https:\/\/radiocresatelital.com\/wp-content\/uploads\/2025\/07\/caf-superviso-guayaquil-avance-obras-estrategicas-programa-caf-xvi1.jpg","jetpack_sharing_enabled":true,"_links":{"self":[{"href":"https:\/\/radiocresatelital.com\/index.php?rest_route=\/wp\/v2\/posts\/32317","targetHints":{"allow":["GET"]}}],"collection":[{"href":"https:\/\/radiocresatelital.com\/index.php?rest_route=\/wp\/v2\/posts"}],"about":[{"href":"https:\/\/radiocresatelital.com\/index.php?rest_route=\/wp\/v2\/types\/post"}],"author":[{"embeddable":true,"href":"https:\/\/radiocresatelital.com\/index.php?rest_route=\/wp\/v2\/users\/2"}],"replies":[{"embeddable":true,"href":"https:\/\/radiocresatelital.com\/index.php?rest_route=%2Fwp%2Fv2%2Fcomments&post=32317"}],"version-history":[{"count":1,"href":"https:\/\/radiocresatelital.com\/index.php?rest_route=\/wp\/v2\/posts\/32317\/revisions"}],"predecessor-version":[{"id":32319,"href":"https:\/\/radiocresatelital.com\/index.php?rest_route=\/wp\/v2\/posts\/32317\/revisions\/32319"}],"wp:featuredmedia":[{"embeddable":true,"href":"https:\/\/radiocresatelital.com\/index.php?rest_route=\/wp\/v2\/media\/32318"}],"wp:attachment":[{"href":"https:\/\/radiocresatelital.com\/index.php?rest_route=%2Fwp%2Fv2%2Fmedia&parent=32317"}],"wp:term":[{"taxonomy":"category","embeddable":true,"href":"https:\/\/radiocresatelital.com\/index.php?rest_route=%2Fwp%2Fv2%2Fcategories&post=32317"},{"taxonomy":"post_tag","embeddable":true,"href":"https:\/\/radiocresatelital.com\/index.php?rest_route=%2Fwp%2Fv2%2Ftags&post=32317"}],"curies":[{"name":"wp","href":"https:\/\/api.w.org\/{rel}","templated":true}]}}