{"id":32295,"date":"2025-07-19T02:58:58","date_gmt":"2025-07-19T02:58:58","guid":{"rendered":"https:\/\/radiocresatelital.com\/?p=32295"},"modified":"2025-07-19T02:58:58","modified_gmt":"2025-07-19T02:58:58","slug":"hospital-los-ceibos-rinde-tributo-a-la-ciudad-con-guayaquil-saludable","status":"publish","type":"post","link":"https:\/\/radiocresatelital.com\/?p=32295","title":{"rendered":"Hospital Los Ceibos rinde tributo a la ciudad con \u201cGuayaquil Saludable\u201d"},"content":{"rendered":"<p>Guayaquil.- En conmemoraci\u00f3n a los 490 a\u00f1os de la Fundaci\u00f3n de Guayaquil, el Hospital General Los Ceibos del Instituto Ecuatoriano de Seguridad Social (IESS) se une a la celebraci\u00f3n de las Fiestas Julianas con el encuentro comunitario: \u201cGuayaquil Saludable\u201d, cuyo objetivo es ofrecer atenci\u00f3n m\u00e9dica a todos los guayaquile\u00f1os.<\/p>\n<p>El evento se realizar\u00e1 el jueves 24 de julio, de 9:00 a 12:00, en el auditorio del Hospital, donde se instalar\u00e1n 10 stands informativos y asistenciales, tales como: Enfermer\u00eda, con la toma de presi\u00f3n arterial; Nutrici\u00f3n, con la medici\u00f3n del per\u00edmetro abdominal; Cardiolog\u00eda, que realizar\u00e1 el test de riesgo cardiovascular para prevenir enfermedades al coraz\u00f3n; simult\u00e1neamente Endocrinolog\u00eda aplicar\u00e1 pruebas de glicemia y el test FindRisk para la detecci\u00f3n oportuna de prediabetes.<\/p>\n<p>Adem\u00e1s, Dermatolog\u00eda har\u00e1 detecci\u00f3n temprana de lesiones de c\u00e1ncer de piel, Nefrolog\u00eda realizar\u00e1 ecograf\u00edas renales, Odontolog\u00eda ofrecer\u00e1 limpieza dental profesional; mientras que Traumatolog\u00eda y Rehabilitaci\u00f3n F\u00edsica presentar\u00e1n ejercicios pr\u00e1cticos para fortalecer los m\u00fasculos y aliviar el dolor f\u00edsico.<\/p>\n<p>Emergencia ofrecer\u00e1 orientaci\u00f3n sobre el Sistema de Triaje de Manchester que permite priorizar la atenci\u00f3n seg\u00fan el nivel de urgencia de cada paciente; y las \u00e1reas de Ginecolog\u00eda e Infectolog\u00eda compartir\u00e1n acciones conjuntas para reducir la mortalidad materno-infantil y fortalecer la respuesta frente al VIH.<\/p>\n<p>Como parte del ambiente festivo se elegir\u00e1 a la \u201cCriolla Bonita\u201d y se premiar\u00e1 al mejor stand, incentivando la participaci\u00f3n activa de los asistentes. Tambi\u00e9n estar\u00e1 disponible un punto de afiliaci\u00f3n para brindar informaci\u00f3n y facilitar tr\u00e1mites relacionados con el IESS.<\/p>\n<p>El Hospital General Los Ceibos reafirma su compromiso con la comunidad guayaquile\u00f1a acercando servicios de salud con un enfoque humano, profesional y centrado en el bienestar integral, contribuyendo as\u00ed a mejorar la calidad de vida de todos sus habitantes.<strong>\u00a0<\/strong><\/p>\n<p>El Hospital General Los Ceibos ha brindado 600 903 atenciones m\u00e9dicas en lo que va de 2025<\/p>\n","protected":false},"excerpt":{"rendered":"<p>Guayaquil.- En conmemoraci\u00f3n a los 490 a\u00f1os de la Fundaci\u00f3n de Guayaquil, el Hospital General Los Ceibos del Instituto Ecuatoriano de Seguridad Social (IESS) se une a la celebraci\u00f3n de las Fiestas Julianas con el encuentro comunitario: \u201cGuayaquil Saludable\u201d, cuyo objetivo es ofrecer atenci\u00f3n m\u00e9dica a todos los guayaquile\u00f1os. El evento se realizar\u00e1 el jueves [&hellip;]<\/p>\n","protected":false},"author":2,"featured_media":32296,"comment_status":"open","ping_status":"closed","sticky":false,"template":"","format":"standard","meta":{"_jetpack_memberships_contains_paid_content":false,"footnotes":""},"categories":[13],"tags":[3781,1961],"class_list":["post-32295","post","type-post","status-publish","format-standard","has-post-thumbnail","hentry","category-noticias-nacionales","tag-hospital-general-los-ceibos","tag-instituto-ecuatoriano-de-seguridad-social"],"jetpack_featured_media_url":"https:\/\/radiocresatelital.com\/wp-content\/uploads\/2025\/07\/WhatsApp-Image-2025-07-18-at-21.55.00.jpeg","jetpack_sharing_enabled":true,"_links":{"self":[{"href":"https:\/\/radiocresatelital.com\/index.php?rest_route=\/wp\/v2\/posts\/32295","targetHints":{"allow":["GET"]}}],"collection":[{"href":"https:\/\/radiocresatelital.com\/index.php?rest_route=\/wp\/v2\/posts"}],"about":[{"href":"https:\/\/radiocresatelital.com\/index.php?rest_route=\/wp\/v2\/types\/post"}],"author":[{"embeddable":true,"href":"https:\/\/radiocresatelital.com\/index.php?rest_route=\/wp\/v2\/users\/2"}],"replies":[{"embeddable":true,"href":"https:\/\/radiocresatelital.com\/index.php?rest_route=%2Fwp%2Fv2%2Fcomments&post=32295"}],"version-history":[{"count":1,"href":"https:\/\/radiocresatelital.com\/index.php?rest_route=\/wp\/v2\/posts\/32295\/revisions"}],"predecessor-version":[{"id":32297,"href":"https:\/\/radiocresatelital.com\/index.php?rest_route=\/wp\/v2\/posts\/32295\/revisions\/32297"}],"wp:featuredmedia":[{"embeddable":true,"href":"https:\/\/radiocresatelital.com\/index.php?rest_route=\/wp\/v2\/media\/32296"}],"wp:attachment":[{"href":"https:\/\/radiocresatelital.com\/index.php?rest_route=%2Fwp%2Fv2%2Fmedia&parent=32295"}],"wp:term":[{"taxonomy":"category","embeddable":true,"href":"https:\/\/radiocresatelital.com\/index.php?rest_route=%2Fwp%2Fv2%2Fcategories&post=32295"},{"taxonomy":"post_tag","embeddable":true,"href":"https:\/\/radiocresatelital.com\/index.php?rest_route=%2Fwp%2Fv2%2Ftags&post=32295"}],"curies":[{"name":"wp","href":"https:\/\/api.w.org\/{rel}","templated":true}]}}