{"id":32278,"date":"2025-07-18T19:40:04","date_gmt":"2025-07-18T19:40:04","guid":{"rendered":"https:\/\/radiocresatelital.com\/?p=32278"},"modified":"2025-07-18T21:40:34","modified_gmt":"2025-07-18T21:40:34","slug":"conmebol-informa-que-los-equipos-de-la-copa-america-femenina-podran-calentar-en-el-terreno-de-juego","status":"publish","type":"post","link":"https:\/\/radiocresatelital.com\/?p=32278","title":{"rendered":"Conmebol informa que los equipos de la Copa Am\u00e9rica Femenina podr\u00e1n calentar en el terreno de juego"},"content":{"rendered":"<div class=\"text-module__text__0GDob text-module__dark-grey__UFC18 text-module__regular__qJJtA text-module__small__sph8i body-module__full_width__kCIGb body-module__small_body__gOmDf article-body__paragraph__2-BtD\" data-testid=\"paragraph-0\">\n<p>Luque.- Conmebol ha informado que se ha ajustado los distintos procedimientos antes del inicio de los partidos de la Copa Am\u00e9rica Femenina que se juega en Ecuador donde se permite que las jugadoras hagan sus calentamientos previos en el terreno de juego, tras las cr\u00edticas de jugadoras y cuerpo t\u00e9cnico\u00a0brasile\u00f1os .<\/p>\n<\/div>\n<div class=\"text-module__text__0GDob text-module__dark-grey__UFC18 text-module__regular__qJJtA text-module__small__sph8i body-module__full_width__kCIGb body-module__small_body__gOmDf article-body__paragraph__2-BtD\" data-testid=\"paragraph-1\">\n<p>\u00abA partir de ahora, adem\u00e1s de los porteros, que ya tuvieron un per\u00edodo de calentamiento de 15 minutos en la cancha, los jugadores de campo tambi\u00e9n podr\u00e1n calentar en la cancha durante el mismo tiempo\u00bb, dijo el organismo rector del f\u00fatbol sudamericano.<\/p>\n<p>Esta decisi\u00f3n se tom\u00f3 tras una evaluaci\u00f3n detallada del estado de las superficies de juego en los estadios de la competici\u00f3n hasta la fecha y tras tener en cuenta los comentarios de algunos equipos participantes.<\/p>\n<\/div>\n<div class=\"text-module__text__0GDob text-module__dark-grey__UFC18 text-module__regular__qJJtA text-module__small__sph8i body-module__full_width__kCIGb body-module__small_body__gOmDf article-body__paragraph__2-BtD\" data-testid=\"paragraph-2\">\n<p>Los organizadores del torneo hab\u00edan prohibido a los jugadores de campo calentar en la cancha para preservar la superficie de juego, y cada estadio alberg\u00f3 dos partidos en un d\u00eda durante la fase de grupos.<\/p>\n<\/div>\n<div class=\"text-module__text__0GDob text-module__dark-grey__UFC18 text-module__regular__qJJtA text-module__small__sph8i body-module__full_width__kCIGb body-module__small_body__gOmDf article-body__paragraph__2-BtD\" data-testid=\"paragraph-3\">\n<p><img decoding=\"async\" src=\"https:\/\/cdn.conmebol.com\/wp-content\/uploads\/2025\/05\/CA25-Fondo_-1.jpg\" alt=\"La imagen de la CONMEBOL Copa Am\u00e9rica Femenina 2025\u2122 \u2013 CONMEBOL\" \/><\/p>\n<\/div>\n<div class=\"text-module__text__0GDob text-module__dark-grey__UFC18 text-module__regular__qJJtA text-module__small__sph8i body-module__full_width__kCIGb body-module__small_body__gOmDf article-body__paragraph__2-BtD\" data-testid=\"paragraph-4\">La capitana de Brasil, Marta, el mediocampista Ary Borges y el entrenador Arthur El\u00edas expresaron su frustraci\u00f3n despu\u00e9s de su dominante victoria en la fase de grupos sobre Bolivia\u00a0, ya que ambos equipos se vieron obligados a calentar en una sala compartida de unos 15 metros cuadrados que ol\u00eda a pintura.<\/div>\n<div class=\"article-body__element__2p5pI\" data-testid=\"element\">\n<div class=\"spacing-container-module__container__pUI7w spacing-container-module__t-spacing-single-three-quarters__fWcQl spacing-container-module__b-spacing-single-three-quarters__fqiJ- spacing-container-module__max-width__v4xCG\" data-testid=\"ResponsiveAdSlot\">\n<div class=\"ad-slot-module__container__VEdre ad-slot-module__fixed-height__W8iWX\">\n<div class=\"ad-slot-module__inner__tEY-D ad-slot-module__others__VonGR\">\n<div>\n<div id=\"reuters_desktop_native_2\" class=\"ad-slot-module__slot__rdFsT\" data-google-query-id=\"COKJ14Cux44DFU_PZQMdotAjXQ\">\n<div id=\"google_ads_iframe_\/4735792\/reuters.com\/sports\/soccer\/article_3__container__\">\nTambi\u00e9n criticaron las restricciones despu\u00e9s de su primer partido del torneo contra Venezuela , diciendo que no pudieron evaluar adecuadamente la condici\u00f3n f\u00edsica de Kerolin, lo que finalmente llev\u00f3 al delantero del Manchester City a quedar fuera.<\/div>\n<\/div>\n<\/div>\n<\/div>\n<\/div>\n<\/div>\n<\/div>\n<div class=\"text-module__text__0GDob text-module__dark-grey__UFC18 text-module__regular__qJJtA text-module__small__sph8i body-module__full_width__kCIGb body-module__small_body__gOmDf article-body__paragraph__2-BtD\" data-testid=\"paragraph-5\">\n<p>El campe\u00f3n defensor Brasil encabeza el Grupo B con dos victorias y se enfrentar\u00e1 a Paraguay el martes.<\/p>\n<\/div>\n","protected":false},"excerpt":{"rendered":"<p>Luque.- Conmebol ha informado que se ha ajustado los distintos procedimientos antes del inicio de los partidos de la Copa Am\u00e9rica Femenina que se juega en Ecuador donde se permite que las jugadoras hagan sus calentamientos previos en el terreno de juego, tras las cr\u00edticas de jugadoras y cuerpo t\u00e9cnico\u00a0brasile\u00f1os . \u00abA partir de ahora, [&hellip;]<\/p>\n","protected":false},"author":2,"featured_media":32279,"comment_status":"open","ping_status":"closed","sticky":false,"template":"","format":"standard","meta":{"_jetpack_memberships_contains_paid_content":false,"footnotes":""},"categories":[1232],"tags":[4992],"class_list":["post-32278","post","type-post","status-publish","format-standard","has-post-thumbnail","hentry","category-copa-america","tag-copa-america-femenina"],"jetpack_featured_media_url":"https:\/\/radiocresatelital.com\/wp-content\/uploads\/2025\/07\/54649017798_2542676d43_c.jpg","jetpack_sharing_enabled":true,"_links":{"self":[{"href":"https:\/\/radiocresatelital.com\/index.php?rest_route=\/wp\/v2\/posts\/32278","targetHints":{"allow":["GET"]}}],"collection":[{"href":"https:\/\/radiocresatelital.com\/index.php?rest_route=\/wp\/v2\/posts"}],"about":[{"href":"https:\/\/radiocresatelital.com\/index.php?rest_route=\/wp\/v2\/types\/post"}],"author":[{"embeddable":true,"href":"https:\/\/radiocresatelital.com\/index.php?rest_route=\/wp\/v2\/users\/2"}],"replies":[{"embeddable":true,"href":"https:\/\/radiocresatelital.com\/index.php?rest_route=%2Fwp%2Fv2%2Fcomments&post=32278"}],"version-history":[{"count":2,"href":"https:\/\/radiocresatelital.com\/index.php?rest_route=\/wp\/v2\/posts\/32278\/revisions"}],"predecessor-version":[{"id":32281,"href":"https:\/\/radiocresatelital.com\/index.php?rest_route=\/wp\/v2\/posts\/32278\/revisions\/32281"}],"wp:featuredmedia":[{"embeddable":true,"href":"https:\/\/radiocresatelital.com\/index.php?rest_route=\/wp\/v2\/media\/32279"}],"wp:attachment":[{"href":"https:\/\/radiocresatelital.com\/index.php?rest_route=%2Fwp%2Fv2%2Fmedia&parent=32278"}],"wp:term":[{"taxonomy":"category","embeddable":true,"href":"https:\/\/radiocresatelital.com\/index.php?rest_route=%2Fwp%2Fv2%2Fcategories&post=32278"},{"taxonomy":"post_tag","embeddable":true,"href":"https:\/\/radiocresatelital.com\/index.php?rest_route=%2Fwp%2Fv2%2Ftags&post=32278"}],"curies":[{"name":"wp","href":"https:\/\/api.w.org\/{rel}","templated":true}]}}