{"id":32210,"date":"2025-07-17T18:40:49","date_gmt":"2025-07-17T18:40:49","guid":{"rendered":"https:\/\/radiocresatelital.com\/?p=32210"},"modified":"2025-07-17T21:43:14","modified_gmt":"2025-07-17T21:43:14","slug":"tonicorp-inaugura-tienda-comunitaria-en-biblian-y-refuerza-su-compromiso-con-la-inclusion-productiva-rural","status":"publish","type":"post","link":"https:\/\/radiocresatelital.com\/?p=32210","title":{"rendered":"Tonicorp inaugura tienda comunitaria en Bibli\u00e1n y refuerza su compromiso con la inclusi\u00f3n productiva rural"},"content":{"rendered":"<p>Ca\u00f1ar.- En el marco de su modelo de Ganader\u00eda Socialmente Inclusiva, Tonicorp, empresa de Arca Continental y The Coca-Cola Company, inaugur\u00f3 una tienda comunitaria en la parroquia Yanacocha del Buer\u00e1n, cant\u00f3n Bibli\u00e1n, como parte de un esfuerzo conjunto con el GAD Municipal de Bibli\u00e1n, CARE Ecuador y la comunidad.<\/p>\n<p>La apertura de esta tienda representa un paso importante hacia el fortalecimiento de las econom\u00edas rurales, al facilitar el acceso a productos de primera necesidad, insumos agropecuarios y art\u00edculos e insumos de marcas como TONI, Dipor, Inalecsa y Coca-Cola. Este espacio beneficiar\u00e1 a m\u00e1s de 250 personas y ser\u00e1 gestionado por 76 emprendedores locales, de los cuales el 45% son mujeres que hoy lideran proyectos comunitarios con visi\u00f3n de futuro.<\/p>\n<p>Carlos Garza, Director T\u00e9cnico y de Cadena de Suministro de Tonicorp, resalt\u00f3 el alcance transformador del proyecto: \u201cHoy no solo abrimos las puertas de una tienda; abrimos la posibilidad de nuevas oportunidades, de fortalecer el emprendimiento y las finanzas solidarias. Esta tienda es fruto del esfuerzo colectivo y del modelo de Ganader\u00eda Socialmente Inclusiva que impulsa Tonicorp, donde m\u00e1s del 90% de nuestros ganaderos a nivel nacional son peque\u00f1os productores como ustedes. Ustedes son el coraz\u00f3n de nuestra cadena de valor\u201d.<\/p>\n<p>El proyecto surgi\u00f3 como respuesta a un diagn\u00f3stico que identific\u00f3 las dificultades de movilidad y abastecimiento en esta comunidad conformada por 97 habitantes. Gracias al trabajo articulado, Yanacocha del Buer\u00e1n ha incrementado significativamente su capacidad productiva, logrando impactar positivamente a 55 ganaderos aliados y alcanzando una producci\u00f3n mensual seis veces m\u00e1s que la inicial aumentando su productividad en m\u00e1s del 100%. En paralelo, se han desarrollado procesos formativos que suman m\u00e1s de 130 horas en temas como ganader\u00eda, panader\u00eda, educaci\u00f3n financiera y gesti\u00f3n de negocios.<\/p>\n<p>La alcaldesa de Bibli\u00e1n, Amelia Idrovo Mart\u00ednez, expres\u00f3: \u201cHoy no solo inauguramos una tienda, sino el fruto de un sue\u00f1o colectivo. Esta Tienda Comunitaria representa el compromiso del GAD Municipal de Bibli\u00e1n, de nuestros aliados estrat\u00e9gicos Tonicorp y Arca Continental, y de cada familia de Yanacocha del Buer\u00e1n que crey\u00f3 en este proyecto. Aqu\u00ed comienza una nueva etapa para la comunidad, basada en la organizaci\u00f3n, el emprendimiento y la dignidad. Porque en Bibli\u00e1n estamos convencidos de que la mejor inversi\u00f3n es la que se hace en nuestra gente\u201d.<\/p>\n<p>El modelo de gesti\u00f3n incluye informes peri\u00f3dicos por parte de los emprendedores responsables y acompa\u00f1amiento t\u00e9cnico continuo. Los ingresos generados por la tienda permitir\u00e1n su reabastecimiento y sostenibilidad en el tiempo, adem\u00e1s de beneficiar a comunidades aleda\u00f1as como Aguarongo, Dur\u00e1n Burgay, Chica Despensa y Buena Esperanza.<\/p>\n<p>Con esta iniciativa, Tonicorp contribuye al Objetivo de Desarrollo Sostenible 10, que busca reducir las desigualdades a trav\u00e9s de la inclusi\u00f3n social y econ\u00f3mica en territorios rurales. Su modelo de Ganader\u00eda Socialmente Inclusiva ya impacta a m\u00e1s de 3.000 familias en las provincias de Ca\u00f1ar, Chimborazo y Azuay, fortaleciendo cadenas productivas con enfoque ambiental, econ\u00f3mico y humano.<\/p>\n","protected":false},"excerpt":{"rendered":"<p>Ca\u00f1ar.- En el marco de su modelo de Ganader\u00eda Socialmente Inclusiva, Tonicorp, empresa de Arca Continental y The Coca-Cola Company, inaugur\u00f3 una tienda comunitaria en la parroquia Yanacocha del Buer\u00e1n, cant\u00f3n Bibli\u00e1n, como parte de un esfuerzo conjunto con el GAD Municipal de Bibli\u00e1n, CARE Ecuador y la comunidad. La apertura de esta tienda representa [&hellip;]<\/p>\n","protected":false},"author":2,"featured_media":32211,"comment_status":"open","ping_status":"closed","sticky":false,"template":"","format":"standard","meta":{"_jetpack_memberships_contains_paid_content":false,"footnotes":""},"categories":[13],"tags":[4057],"class_list":["post-32210","post","type-post","status-publish","format-standard","has-post-thumbnail","hentry","category-noticias-nacionales","tag-tonicorp"],"jetpack_featured_media_url":"https:\/\/radiocresatelital.com\/wp-content\/uploads\/2025\/07\/WhatsApp-Image-2025-07-17-at-10.06.23.jpeg","jetpack_sharing_enabled":true,"_links":{"self":[{"href":"https:\/\/radiocresatelital.com\/index.php?rest_route=\/wp\/v2\/posts\/32210","targetHints":{"allow":["GET"]}}],"collection":[{"href":"https:\/\/radiocresatelital.com\/index.php?rest_route=\/wp\/v2\/posts"}],"about":[{"href":"https:\/\/radiocresatelital.com\/index.php?rest_route=\/wp\/v2\/types\/post"}],"author":[{"embeddable":true,"href":"https:\/\/radiocresatelital.com\/index.php?rest_route=\/wp\/v2\/users\/2"}],"replies":[{"embeddable":true,"href":"https:\/\/radiocresatelital.com\/index.php?rest_route=%2Fwp%2Fv2%2Fcomments&post=32210"}],"version-history":[{"count":1,"href":"https:\/\/radiocresatelital.com\/index.php?rest_route=\/wp\/v2\/posts\/32210\/revisions"}],"predecessor-version":[{"id":32212,"href":"https:\/\/radiocresatelital.com\/index.php?rest_route=\/wp\/v2\/posts\/32210\/revisions\/32212"}],"wp:featuredmedia":[{"embeddable":true,"href":"https:\/\/radiocresatelital.com\/index.php?rest_route=\/wp\/v2\/media\/32211"}],"wp:attachment":[{"href":"https:\/\/radiocresatelital.com\/index.php?rest_route=%2Fwp%2Fv2%2Fmedia&parent=32210"}],"wp:term":[{"taxonomy":"category","embeddable":true,"href":"https:\/\/radiocresatelital.com\/index.php?rest_route=%2Fwp%2Fv2%2Fcategories&post=32210"},{"taxonomy":"post_tag","embeddable":true,"href":"https:\/\/radiocresatelital.com\/index.php?rest_route=%2Fwp%2Fv2%2Ftags&post=32210"}],"curies":[{"name":"wp","href":"https:\/\/api.w.org\/{rel}","templated":true}]}}