{"id":32200,"date":"2025-07-17T18:29:08","date_gmt":"2025-07-17T18:29:08","guid":{"rendered":"https:\/\/radiocresatelital.com\/?p=32200"},"modified":"2025-07-17T21:31:21","modified_gmt":"2025-07-17T21:31:21","slug":"impulso-pyme-un-programa-educativo-gratuito-para-emprendedores-que-buscan-escalar-sus-negocios-en-la-era-digital","status":"publish","type":"post","link":"https:\/\/radiocresatelital.com\/?p=32200","title":{"rendered":"\u201cImpulso Pyme\u201d un programa educativo gratuito para emprendedores que buscan escalar sus negocios en la era digital"},"content":{"rendered":"<p>Quito.- La plataforma de contabilidad Siigo Contifico lanza <strong>\u201cImpulso PYME\u201d<\/strong>, un programa educativo gratuito que durante cuatro sesiones virtuales ofrece formaci\u00f3n pr\u00e1ctica, mentor\u00eda experta, material de trabajo descargable y la oportunidad de obtener un certificado de asistencia. Esta iniciativa fue dise\u00f1ada para facilitar la adopci\u00f3n de herramientas digitales, el dise\u00f1o de modelos de negocio escalables y la construcci\u00f3n de una comunidad impulsada por la innovaci\u00f3n.<\/p>\n<p>Las sesiones, con una duraci\u00f3n de 80 minutos cada una y programadas para los d\u00edas 22 y 29 de julio, as\u00ed como el 5 y 12 de agosto a las 11:00 a.m., guiar\u00e1n a los participantes desde la mentalidad digital inicial hasta la ejecuci\u00f3n efectiva de sus proyectos. En cada encuentro, se entregar\u00e1 un libro de trabajo virtual con actividades que complementan los temas y permiten la aplicaci\u00f3n inmediata de lo aprendido. Al completar las cuatro sesiones, los emprendedores recibir\u00e1n un reconocimiento formal y un <strong>certificado oficial de asistencia<\/strong>.<\/p>\n<p>Seg\u00fan David Ortiz, CEO de Siigo, \u201cImpulso PYME nace para que los emprendedores latinoamericanos encuentren en la tecnolog\u00eda y el conocimiento aplicado el impulso que necesitan para transformar ideas en negocios con impacto sostenible\u201d. Esta visi\u00f3n refuerza el compromiso de la empresa con la formaci\u00f3n integral y accesible como motor de desarrollo econ\u00f3mico.<\/p>\n<p>Entre los ponentes confirmados destacan figuras influyentes del ecosistema empresarial como Jos\u00e9 Carlos Mondrag\u00f3n (Tecnol\u00f3gico de Monterrey), Mariano Doncel (Savatii), Santiago Aguilera (Mondel\u0113z), Felipe Arcila (APPCE), Camilo Hurtado (Compensar), Engel Fonseca (Neurona Digital) y Juan Gabriel (Starter). Los temas a tratar incluyen monetizaci\u00f3n digital, toma de decisiones estrat\u00e9gicas, innovaci\u00f3n, acceso a capital para ideas digitales, marketing, ventas y plataformas para escalar negocios.<\/p>\n<p>El programa cuenta con el respaldo del Tecnol\u00f3gico de Monterrey, Compensar, Tienda Nube, APPCE, Savatii, Neurona Digital y l\u00edderes empresariales de la regi\u00f3n fortalece este programa y reafirma su compromiso con el desarrollo socioecon\u00f3mico de las PYMEs.<\/p>\n","protected":false},"excerpt":{"rendered":"<p>Quito.- La plataforma de contabilidad Siigo Contifico lanza \u201cImpulso PYME\u201d, un programa educativo gratuito que durante cuatro sesiones virtuales ofrece formaci\u00f3n pr\u00e1ctica, mentor\u00eda experta, material de trabajo descargable y la oportunidad de obtener un certificado de asistencia. Esta iniciativa fue dise\u00f1ada para facilitar la adopci\u00f3n de herramientas digitales, el dise\u00f1o de modelos de negocio escalables [&hellip;]<\/p>\n","protected":false},"author":2,"featured_media":32201,"comment_status":"open","ping_status":"closed","sticky":false,"template":"","format":"standard","meta":{"_jetpack_memberships_contains_paid_content":false,"footnotes":""},"categories":[13],"tags":[5137],"class_list":["post-32200","post","type-post","status-publish","format-standard","has-post-thumbnail","hentry","category-noticias-nacionales","tag-impulso-pyme"],"jetpack_featured_media_url":"https:\/\/radiocresatelital.com\/wp-content\/uploads\/2025\/07\/WhatsApp-Image-2025-07-17-at-12.45.54.jpeg","jetpack_sharing_enabled":true,"_links":{"self":[{"href":"https:\/\/radiocresatelital.com\/index.php?rest_route=\/wp\/v2\/posts\/32200","targetHints":{"allow":["GET"]}}],"collection":[{"href":"https:\/\/radiocresatelital.com\/index.php?rest_route=\/wp\/v2\/posts"}],"about":[{"href":"https:\/\/radiocresatelital.com\/index.php?rest_route=\/wp\/v2\/types\/post"}],"author":[{"embeddable":true,"href":"https:\/\/radiocresatelital.com\/index.php?rest_route=\/wp\/v2\/users\/2"}],"replies":[{"embeddable":true,"href":"https:\/\/radiocresatelital.com\/index.php?rest_route=%2Fwp%2Fv2%2Fcomments&post=32200"}],"version-history":[{"count":1,"href":"https:\/\/radiocresatelital.com\/index.php?rest_route=\/wp\/v2\/posts\/32200\/revisions"}],"predecessor-version":[{"id":32202,"href":"https:\/\/radiocresatelital.com\/index.php?rest_route=\/wp\/v2\/posts\/32200\/revisions\/32202"}],"wp:featuredmedia":[{"embeddable":true,"href":"https:\/\/radiocresatelital.com\/index.php?rest_route=\/wp\/v2\/media\/32201"}],"wp:attachment":[{"href":"https:\/\/radiocresatelital.com\/index.php?rest_route=%2Fwp%2Fv2%2Fmedia&parent=32200"}],"wp:term":[{"taxonomy":"category","embeddable":true,"href":"https:\/\/radiocresatelital.com\/index.php?rest_route=%2Fwp%2Fv2%2Fcategories&post=32200"},{"taxonomy":"post_tag","embeddable":true,"href":"https:\/\/radiocresatelital.com\/index.php?rest_route=%2Fwp%2Fv2%2Ftags&post=32200"}],"curies":[{"name":"wp","href":"https:\/\/api.w.org\/{rel}","templated":true}]}}