{"id":32194,"date":"2025-07-17T18:14:41","date_gmt":"2025-07-17T18:14:41","guid":{"rendered":"https:\/\/radiocresatelital.com\/?p=32194"},"modified":"2025-07-17T21:16:10","modified_gmt":"2025-07-17T21:16:10","slug":"grupo-natura-se-posiciona-como-la-mejor-empresa-en-atraer-y-fidelizar-talento-en-el-sector-de-aseo-y-cosmetica","status":"publish","type":"post","link":"https:\/\/radiocresatelital.com\/?p=32194","title":{"rendered":"Grupo Natura se posiciona como la mejor empresa en atraer y fidelizar talento en el sector de Aseo y Cosm\u00e9tica"},"content":{"rendered":"<p>Quito.- Grupo Natura Ecuador a trav\u00e9s de su marca Avon, ha sido reconocida como la mejor empresa en atraer y fidelizar talento en el sector de Aseo y Cosm\u00e9tica, seg\u00fan el \u00faltimo ranking publicado por MERCO Talento Ecuador 2025, uno de los monitores de referencia en reputaci\u00f3n corporativa y gesti\u00f3n de personas en Iberoam\u00e9rica.<\/p>\n<p>Este logro representa un hito significativo para la compa\u00f1\u00eda, que ha hecho de su cultura organizacional un pilar estrat\u00e9gico de crecimiento y transformaci\u00f3n sostenible. Estar entre las empresas m\u00e1s valoradas por su gesti\u00f3n de atracci\u00f3n de talento es el resultado de un trabajo constante que pone a las personas en el centro de todas sus decisiones, apostando por el bienestar, la inclusi\u00f3n, la equidad y la formaci\u00f3n como motores de innovaci\u00f3n y futuro.<\/p>\n<p>En 2024, la estrategia de personal en Latinoam\u00e9rica experiment\u00f3 una transformaci\u00f3n significativa con el lanzamiento de Somos Natura. Esta iniciativa marca un avance estrat\u00e9gico en la construcci\u00f3n de una cultura organizacional a\u00fan m\u00e1s s\u00f3lida, que conecta objetivos, desarrollo, desempe\u00f1o y experiencia. A partir de ella, se aceler\u00f3 la trayectoria del empleado, revisada en 2023, estructurada en torno a cinco pilares que sustentan nuestra visi\u00f3n de futuro y fortalecen el rol del talento en la evoluci\u00f3n del negocio:<\/p>\n<ul>\n<li><strong>Acelerar el desarrollo de l\u00edderes fuertes, innovadores y emprendedores<br \/>\n<\/strong>Impulsamos l\u00edderes que inspiran, generan impacto positivo y promueven entornos colaborativos.<\/li>\n<li><strong>Garantizar la adquisici\u00f3n y desarrollo de habilidades cr\u00edticas y transversales<br \/>\n<\/strong>Desarrollamos capacidades clave alineadas con la cultura para enfrentar los desaf\u00edos del negocio.<\/li>\n<li><strong>Organizaci\u00f3n simple, eficiente y \u00e1gil<br \/>\n<\/strong>Reducimos la complejidad para agilizar decisiones y fortalecer modelos operativos sostenibles.<\/li>\n<li><strong>Somos Natura: la cultura como motor principal de la estrategia<br \/>\n<\/strong>Nuestra esencia gu\u00eda decisiones, impulsa el compromiso y fortalece el liderazgo transformador.<\/li>\n<li><strong>Evoluci\u00f3n de la propuesta de valor para el colaborador<br \/>\n<\/strong>Reforzamos bienestar, diversidad y prop\u00f3sito en cada etapa de la experiencia del empleado.<\/li>\n<\/ul>\n<p>En cifras, al cierre de 2024, el Grupo Natura en Am\u00e9rica Latina estuvo conformado por 14.806 empleados directos: 61% mujeres y 39% hombres. Adem\u00e1s, la estrategia adoptada ha dado resultados concretos: la encuesta de compromiso laboral, aplicada al 92% de los empleados en Latinoam\u00e9rica, arroj\u00f3 una aprobaci\u00f3n del 91% en 2024, el mejor resultado de los \u00faltimos tres a\u00f1os.<\/p>\n<p>Este reconocimiento cobra especial relevancia en un contexto en el que las personas buscan organizaciones con prop\u00f3sito, entornos laborales aut\u00e9nticos y culturas que les permitan crecer sin renunciar a sus valores. Grupo Natura Ecuador ha comprendido esta transformaci\u00f3n y ha sabido liderarla, posicion\u00e1ndose como una compa\u00f1\u00eda que impulsa el talento como un verdadero agente de cambio.<\/p>\n","protected":false},"excerpt":{"rendered":"<p>Quito.- Grupo Natura Ecuador a trav\u00e9s de su marca Avon, ha sido reconocida como la mejor empresa en atraer y fidelizar talento en el sector de Aseo y Cosm\u00e9tica, seg\u00fan el \u00faltimo ranking publicado por MERCO Talento Ecuador 2025, uno de los monitores de referencia en reputaci\u00f3n corporativa y gesti\u00f3n de personas en Iberoam\u00e9rica. Este [&hellip;]<\/p>\n","protected":false},"author":2,"featured_media":32195,"comment_status":"open","ping_status":"closed","sticky":false,"template":"","format":"standard","meta":{"_jetpack_memberships_contains_paid_content":false,"footnotes":""},"categories":[13],"tags":[5136],"class_list":["post-32194","post","type-post","status-publish","format-standard","has-post-thumbnail","hentry","category-noticias-nacionales","tag-grupo-natura-ecuador"],"jetpack_featured_media_url":"https:\/\/radiocresatelital.com\/wp-content\/uploads\/2025\/07\/WhatsApp-Image-2025-07-16-at-15.29.44.jpeg","jetpack_sharing_enabled":true,"_links":{"self":[{"href":"https:\/\/radiocresatelital.com\/index.php?rest_route=\/wp\/v2\/posts\/32194","targetHints":{"allow":["GET"]}}],"collection":[{"href":"https:\/\/radiocresatelital.com\/index.php?rest_route=\/wp\/v2\/posts"}],"about":[{"href":"https:\/\/radiocresatelital.com\/index.php?rest_route=\/wp\/v2\/types\/post"}],"author":[{"embeddable":true,"href":"https:\/\/radiocresatelital.com\/index.php?rest_route=\/wp\/v2\/users\/2"}],"replies":[{"embeddable":true,"href":"https:\/\/radiocresatelital.com\/index.php?rest_route=%2Fwp%2Fv2%2Fcomments&post=32194"}],"version-history":[{"count":1,"href":"https:\/\/radiocresatelital.com\/index.php?rest_route=\/wp\/v2\/posts\/32194\/revisions"}],"predecessor-version":[{"id":32196,"href":"https:\/\/radiocresatelital.com\/index.php?rest_route=\/wp\/v2\/posts\/32194\/revisions\/32196"}],"wp:featuredmedia":[{"embeddable":true,"href":"https:\/\/radiocresatelital.com\/index.php?rest_route=\/wp\/v2\/media\/32195"}],"wp:attachment":[{"href":"https:\/\/radiocresatelital.com\/index.php?rest_route=%2Fwp%2Fv2%2Fmedia&parent=32194"}],"wp:term":[{"taxonomy":"category","embeddable":true,"href":"https:\/\/radiocresatelital.com\/index.php?rest_route=%2Fwp%2Fv2%2Fcategories&post=32194"},{"taxonomy":"post_tag","embeddable":true,"href":"https:\/\/radiocresatelital.com\/index.php?rest_route=%2Fwp%2Fv2%2Ftags&post=32194"}],"curies":[{"name":"wp","href":"https:\/\/api.w.org\/{rel}","templated":true}]}}