{"id":32160,"date":"2025-07-17T19:24:49","date_gmt":"2025-07-17T19:24:49","guid":{"rendered":"https:\/\/radiocresatelital.com\/?p=32160"},"modified":"2025-07-17T19:24:49","modified_gmt":"2025-07-17T19:24:49","slug":"la-perla-del-pacifico-vivira-el-rugir-de-sirenas-con-el-desfile-motorizado-del-cuerpo-de-bomberos","status":"publish","type":"post","link":"https:\/\/radiocresatelital.com\/?p=32160","title":{"rendered":"La Perla del Pac\u00edfico vivir\u00e1 el rugir de sirenas con el desfile motorizado del Cuerpo de Bomberos"},"content":{"rendered":"<p>Guayaquil.- Como parte de los homenajes por los 490 a\u00f1os de fundaci\u00f3n de Guayaquil, el Benem\u00e9rito Cuerpo de Bomberos realizar\u00e1 su tradicional Desfile Motorizado 2025 el s\u00e1bado 19 de julio, a partir de las 18:00.<\/p>\n<p>M\u00e1s de 45 unidades, entre motobombas, ambulancias, carros escalera y veh\u00edculos especializados, recorrer\u00e1n las calles de la ciudad en una caravana que representa el compromiso, valor y presencia de la instituci\u00f3n.<\/p>\n<p>Este a\u00f1o, el desfile incorpora una renovada ruta que atraviesa avenidas principales de las ciudadelas Kennedy, Urdesa y Miraflores. La salida ser\u00e1 desde el Cuartel Jefe Asisclo Garay No. 2 (Esmeraldas y 10 de Agosto) y culminar\u00e1 en el Cuartel Crnel. Vicente Adum Ant\u00f3n No. 5, ubicado en la Avenida del Bombero.<\/p>\n<p><img decoding=\"async\" class=\"aligncenter\" src=\"https:\/\/guayaquil.gob.ec\/wp-content\/uploads\/2025\/07\/perla-pacifico-vivira-rugir-sirenas-desfile-motorizado-cuerpo-bomberos1.jpg\" alt=\"La Perla del Pac\u00edfico vivir\u00e1 el rugir de sirenas con el desfile motorizado  del Cuerpo de Bomberos \u2013 Alcald\u00eda de Guayaquil\" \/><br \/>\nDurante el trayecto, la ciudadan\u00eda podr\u00e1 observar el despliegue de unidades especializadas en combate contra incendios, atenci\u00f3n prehospitalaria, rescate e intervenci\u00f3n en emergencias fluviales, forestales y de materiales peligrosos.<\/p>\n<p>Seg\u00fan lo planificado, el recorrido comprender\u00e1 las avenidas: 10 de Agosto, Quito, V\u00edctor Manuel Rend\u00f3n, Lorenzo de Garaycoa, 9 de Octubre, Malec\u00f3n Sim\u00f3n Bol\u00edvar, Loja, Dr. Juli\u00e1n Coronel, Kennedy, V\u00edctor Emilio Estrada, Dr. Adolfo Alvear Ord\u00f3\u00f1ez (Miraflores) y Carlos Julio Arosemena.<\/p>\n","protected":false},"excerpt":{"rendered":"<p>Guayaquil.- Como parte de los homenajes por los 490 a\u00f1os de fundaci\u00f3n de Guayaquil, el Benem\u00e9rito Cuerpo de Bomberos realizar\u00e1 su tradicional Desfile Motorizado 2025 el s\u00e1bado 19 de julio, a partir de las 18:00. M\u00e1s de 45 unidades, entre motobombas, ambulancias, carros escalera y veh\u00edculos especializados, recorrer\u00e1n las calles de la ciudad en una [&hellip;]<\/p>\n","protected":false},"author":2,"featured_media":32161,"comment_status":"open","ping_status":"closed","sticky":false,"template":"","format":"standard","meta":{"_jetpack_memberships_contains_paid_content":false,"footnotes":""},"categories":[33,13],"tags":[3304,5128,2585],"class_list":["post-32160","post","type-post","status-publish","format-standard","has-post-thumbnail","hentry","category-guayaquil","category-noticias-nacionales","tag-benemerito-cuerpo-de-bomberos","tag-desfile-motorizado-2025","tag-fundacion-de-guayaquil"],"jetpack_featured_media_url":"https:\/\/radiocresatelital.com\/wp-content\/uploads\/2025\/07\/perla-pacifico-vivira-rugir-sirenas-desfile-motorizado-cuerpo-bomberos3.jpg","jetpack_sharing_enabled":true,"_links":{"self":[{"href":"https:\/\/radiocresatelital.com\/index.php?rest_route=\/wp\/v2\/posts\/32160","targetHints":{"allow":["GET"]}}],"collection":[{"href":"https:\/\/radiocresatelital.com\/index.php?rest_route=\/wp\/v2\/posts"}],"about":[{"href":"https:\/\/radiocresatelital.com\/index.php?rest_route=\/wp\/v2\/types\/post"}],"author":[{"embeddable":true,"href":"https:\/\/radiocresatelital.com\/index.php?rest_route=\/wp\/v2\/users\/2"}],"replies":[{"embeddable":true,"href":"https:\/\/radiocresatelital.com\/index.php?rest_route=%2Fwp%2Fv2%2Fcomments&post=32160"}],"version-history":[{"count":1,"href":"https:\/\/radiocresatelital.com\/index.php?rest_route=\/wp\/v2\/posts\/32160\/revisions"}],"predecessor-version":[{"id":32162,"href":"https:\/\/radiocresatelital.com\/index.php?rest_route=\/wp\/v2\/posts\/32160\/revisions\/32162"}],"wp:featuredmedia":[{"embeddable":true,"href":"https:\/\/radiocresatelital.com\/index.php?rest_route=\/wp\/v2\/media\/32161"}],"wp:attachment":[{"href":"https:\/\/radiocresatelital.com\/index.php?rest_route=%2Fwp%2Fv2%2Fmedia&parent=32160"}],"wp:term":[{"taxonomy":"category","embeddable":true,"href":"https:\/\/radiocresatelital.com\/index.php?rest_route=%2Fwp%2Fv2%2Fcategories&post=32160"},{"taxonomy":"post_tag","embeddable":true,"href":"https:\/\/radiocresatelital.com\/index.php?rest_route=%2Fwp%2Fv2%2Ftags&post=32160"}],"curies":[{"name":"wp","href":"https:\/\/api.w.org\/{rel}","templated":true}]}}