{"id":32156,"date":"2025-07-17T18:57:49","date_gmt":"2025-07-17T18:57:49","guid":{"rendered":"https:\/\/radiocresatelital.com\/?p=32156"},"modified":"2025-07-17T18:57:49","modified_gmt":"2025-07-17T18:57:49","slug":"arborizacion-estrategica-devuelve-frescura-y-vida-en-diferentes-puntos-de-la-urbe","status":"publish","type":"post","link":"https:\/\/radiocresatelital.com\/?p=32156","title":{"rendered":"Arborizaci\u00f3n estrat\u00e9gica devuelve frescura y vida en diferentes puntos de la urbe"},"content":{"rendered":"<p>Guayaquil.- La Av. del Bombero, Ceibos y la V\u00eda a la Costa est\u00e1n recuperando su verdor gracias a la siembra de 3.965 \u00e1rboles nativos, una acci\u00f3n que reafirma el compromiso del alcalde Aquiles Alvarez y del Municipio de Guayaquil con la protecci\u00f3n del ecosistema y la construcci\u00f3n de una ciudad m\u00e1s sostenible, biodiversa y resiliente.<\/p>\n<p>Este proceso de reforestaci\u00f3n forma parte del programa \u201cGuayaquil, Ciudad que Siembra\u201d, impulsado por la empresa p\u00fablica Parques EP. La intervenci\u00f3n ha transformado orejas viales, parterres y ciclov\u00edas, priorizando especies nativas que se adaptan mejor al clima local, requieren menos recursos h\u00eddricos y favorecen la fauna urbana. Su cuidado se logra mediante poda, control fitosanitario, limpieza y riego permanente, ejecutados tanto por administraci\u00f3n directa como por contratistas especializados.<\/p>\n<p><img decoding=\"async\" class=\"aligncenter\" src=\"https:\/\/guayaquil.gob.ec\/wp-content\/uploads\/2025\/07\/arborizacion-estrategica-devuelve-frescura-vida-diferentes-puntos-urbe1-768x575.jpg\" alt=\"Arborizaci\u00f3n estrat\u00e9gica devuelve frescura y vida en diferentes puntos de  la urbe \u2013 Alcald\u00eda de Guayaquil\" \/><br \/>\nLa siembra de \u00e1rboles nativos es clave para mitigar el impacto del cambio clim\u00e1tico, reducir la temperatura del entorno, mejorar la calidad del aire y recuperar espacios p\u00fablicos para la convivencia. Con esta iniciativa, el Municipio de Guayaquil demuestra que el desarrollo urbano puede ir de la mano con la conservaci\u00f3n ambiental,<br \/>\ngenerando beneficios directos para la comunidad y aportando a una ciudad m\u00e1s verde y habitable.<\/p>\n<p>A esta regeneraci\u00f3n se suma la restauraci\u00f3n paisaj\u00edstica con la incorporaci\u00f3n de c\u00e9sped y la siembra de m\u00e1s de 7.700 especies ornamentales, que embellecen la zona y refuerzan los pulmones verdes en sectores de alto crecimiento urbano.<\/p>\n<p>Con cada \u00e1rbol sembrado, Guayaquil avanza hacia un modelo urbano que prioriza la sostenibilidad y devuelve espacios de calidad a sus habitantes.<\/p>\n","protected":false},"excerpt":{"rendered":"<p>Guayaquil.- La Av. del Bombero, Ceibos y la V\u00eda a la Costa est\u00e1n recuperando su verdor gracias a la siembra de 3.965 \u00e1rboles nativos, una acci\u00f3n que reafirma el compromiso del alcalde Aquiles Alvarez y del Municipio de Guayaquil con la protecci\u00f3n del ecosistema y la construcci\u00f3n de una ciudad m\u00e1s sostenible, biodiversa y resiliente. [&hellip;]<\/p>\n","protected":false},"author":2,"featured_media":32157,"comment_status":"open","ping_status":"closed","sticky":false,"template":"","format":"standard","meta":{"_jetpack_memberships_contains_paid_content":false,"footnotes":""},"categories":[33,13],"tags":[1519,114],"class_list":["post-32156","post","type-post","status-publish","format-standard","has-post-thumbnail","hentry","category-guayaquil","category-noticias-nacionales","tag-alcalde-aquiles-alvarez","tag-municipio-de-guayaquil"],"jetpack_featured_media_url":"https:\/\/radiocresatelital.com\/wp-content\/uploads\/2025\/07\/arborizacion-estrategica-devuelve-frescura-vida-diferentes-puntos-urbe6.jpg","jetpack_sharing_enabled":true,"_links":{"self":[{"href":"https:\/\/radiocresatelital.com\/index.php?rest_route=\/wp\/v2\/posts\/32156","targetHints":{"allow":["GET"]}}],"collection":[{"href":"https:\/\/radiocresatelital.com\/index.php?rest_route=\/wp\/v2\/posts"}],"about":[{"href":"https:\/\/radiocresatelital.com\/index.php?rest_route=\/wp\/v2\/types\/post"}],"author":[{"embeddable":true,"href":"https:\/\/radiocresatelital.com\/index.php?rest_route=\/wp\/v2\/users\/2"}],"replies":[{"embeddable":true,"href":"https:\/\/radiocresatelital.com\/index.php?rest_route=%2Fwp%2Fv2%2Fcomments&post=32156"}],"version-history":[{"count":1,"href":"https:\/\/radiocresatelital.com\/index.php?rest_route=\/wp\/v2\/posts\/32156\/revisions"}],"predecessor-version":[{"id":32158,"href":"https:\/\/radiocresatelital.com\/index.php?rest_route=\/wp\/v2\/posts\/32156\/revisions\/32158"}],"wp:featuredmedia":[{"embeddable":true,"href":"https:\/\/radiocresatelital.com\/index.php?rest_route=\/wp\/v2\/media\/32157"}],"wp:attachment":[{"href":"https:\/\/radiocresatelital.com\/index.php?rest_route=%2Fwp%2Fv2%2Fmedia&parent=32156"}],"wp:term":[{"taxonomy":"category","embeddable":true,"href":"https:\/\/radiocresatelital.com\/index.php?rest_route=%2Fwp%2Fv2%2Fcategories&post=32156"},{"taxonomy":"post_tag","embeddable":true,"href":"https:\/\/radiocresatelital.com\/index.php?rest_route=%2Fwp%2Fv2%2Ftags&post=32156"}],"curies":[{"name":"wp","href":"https:\/\/api.w.org\/{rel}","templated":true}]}}