{"id":32130,"date":"2025-07-16T23:35:48","date_gmt":"2025-07-16T23:35:48","guid":{"rendered":"https:\/\/radiocresatelital.com\/?p=32130"},"modified":"2025-07-16T23:35:48","modified_gmt":"2025-07-16T23:35:48","slug":"bloque-de-seguridad-evaluo-estrategias-y-acciones-implementadas-en-esmeraldas","status":"publish","type":"post","link":"https:\/\/radiocresatelital.com\/?p=32130","title":{"rendered":"Bloque de seguridad evalu\u00f3 estrategias y acciones implementadas en Esmeraldas"},"content":{"rendered":"<p>Esmeraldas. \u2013 Este mi\u00e9rcoles 16 de julio, el Presidente Daniel Noboa Azin cumpli\u00f3 una intensa agenda de trabajo en Esmeraldas. Al finalizar la tarde, el mandatario desde esta provincia lider\u00f3 la reuni\u00f3n del Bloque de Seguridad para revisar los avances y pr\u00f3ximas acciones en esta materia en la zona.<\/p>\n<p>Durante el encuentro, las autoridades de seguridad detallaron que las estrategias desplegadas en Esmeraldas para combatir el terrorismo y al crimen organizado est\u00e1n arrojando resultados contundentes, inform\u00f3 el ministro del Interior, John Reimberg.<\/p>\n<p>Tambi\u00e9n en el encuentro se dieron disposiciones para fortalecer la seguridad en la provincia, sobre todo ante la temporada tur\u00edstica que vive Esmeraldas durante el periodo de vacaciones escolares de la Sierra y Amazon\u00eda.<\/p>\n<p>Precisamente, la jornada presidencial de hoy en la Provincia Verde estuvo marcada por anuncios en cuanto a seguridad. El Jefe de Estado entreg\u00f3 en Esmeraldas una Unidad de Polic\u00eda Comunitaria y nueva infraestructura destinada a fortalecer las capacidades de las Fuerzas Armadas.<\/p>\n<p>El ministro Reimberg se\u00f1al\u00f3 que el Bloque de Seguridad est\u00e1 trabajando en todo el pa\u00eds, desplegando sus equipos para continuar con la reducci\u00f3n de los \u00edndices de criminalidad. \u201cNo vamos a descansar hasta dar los resultados que los ecuatorianos est\u00e1n pidiendo\u201d, asegur\u00f3.<\/p>\n","protected":false},"excerpt":{"rendered":"<p>Esmeraldas. \u2013 Este mi\u00e9rcoles 16 de julio, el Presidente Daniel Noboa Azin cumpli\u00f3 una intensa agenda de trabajo en Esmeraldas. Al finalizar la tarde, el mandatario desde esta provincia lider\u00f3 la reuni\u00f3n del Bloque de Seguridad para revisar los avances y pr\u00f3ximas acciones en esta materia en la zona. Durante el encuentro, las autoridades de [&hellip;]<\/p>\n","protected":false},"author":2,"featured_media":32131,"comment_status":"open","ping_status":"closed","sticky":false,"template":"","format":"standard","meta":{"_jetpack_memberships_contains_paid_content":false,"footnotes":""},"categories":[13],"tags":[1322],"class_list":["post-32130","post","type-post","status-publish","format-standard","has-post-thumbnail","hentry","category-noticias-nacionales","tag-presidente-daniel-noboa"],"jetpack_featured_media_url":"https:\/\/radiocresatelital.com\/wp-content\/uploads\/2025\/07\/20250417_092340584_Mxs_policxasx_estrategia_del_gobierno_para_combatir_la_inseguridad_de_Esmeraldas.jpg_1902800913.webp","jetpack_sharing_enabled":true,"_links":{"self":[{"href":"https:\/\/radiocresatelital.com\/index.php?rest_route=\/wp\/v2\/posts\/32130","targetHints":{"allow":["GET"]}}],"collection":[{"href":"https:\/\/radiocresatelital.com\/index.php?rest_route=\/wp\/v2\/posts"}],"about":[{"href":"https:\/\/radiocresatelital.com\/index.php?rest_route=\/wp\/v2\/types\/post"}],"author":[{"embeddable":true,"href":"https:\/\/radiocresatelital.com\/index.php?rest_route=\/wp\/v2\/users\/2"}],"replies":[{"embeddable":true,"href":"https:\/\/radiocresatelital.com\/index.php?rest_route=%2Fwp%2Fv2%2Fcomments&post=32130"}],"version-history":[{"count":1,"href":"https:\/\/radiocresatelital.com\/index.php?rest_route=\/wp\/v2\/posts\/32130\/revisions"}],"predecessor-version":[{"id":32132,"href":"https:\/\/radiocresatelital.com\/index.php?rest_route=\/wp\/v2\/posts\/32130\/revisions\/32132"}],"wp:featuredmedia":[{"embeddable":true,"href":"https:\/\/radiocresatelital.com\/index.php?rest_route=\/wp\/v2\/media\/32131"}],"wp:attachment":[{"href":"https:\/\/radiocresatelital.com\/index.php?rest_route=%2Fwp%2Fv2%2Fmedia&parent=32130"}],"wp:term":[{"taxonomy":"category","embeddable":true,"href":"https:\/\/radiocresatelital.com\/index.php?rest_route=%2Fwp%2Fv2%2Fcategories&post=32130"},{"taxonomy":"post_tag","embeddable":true,"href":"https:\/\/radiocresatelital.com\/index.php?rest_route=%2Fwp%2Fv2%2Ftags&post=32130"}],"curies":[{"name":"wp","href":"https:\/\/api.w.org\/{rel}","templated":true}]}}