{"id":3212,"date":"2023-08-25T21:21:38","date_gmt":"2023-08-25T21:21:38","guid":{"rendered":"https:\/\/radiocresatelital.com\/?p=3212"},"modified":"2023-08-25T21:21:38","modified_gmt":"2023-08-25T21:21:38","slug":"prefectura-ciudadana-del-guayas-mejora-las-vias-secundarias-de-zonas-agricolas","status":"publish","type":"post","link":"https:\/\/radiocresatelital.com\/?p=3212","title":{"rendered":"Prefectura Ciudadana del Guayas mejora las v\u00edas secundarias de zonas agr\u00edcolas"},"content":{"rendered":"<p><span style=\"font-weight: 400;\">Guayaquil.- Galo Lindao ofrece, con su moto, transporte a quienes necesiten ingresar a los recintos General G\u00f3mez y R\u00edo Seco. A diario, sol\u00eda realizar cerca de 10 recorridos, hasta que su moto cay\u00f3 en un bache y se averi\u00f3.<\/span><\/p>\n<p><span style=\"font-weight: 400;\">Mientras Galo contaba su caso, maquinaria de la Prefectura Ciudadana del Guayas ejecutaba la reconformaci\u00f3n de dicho camino. \u201cAntes estaba muy feo y me quedaba botado con los pasajeros. Como la est\u00e1n arreglando est\u00e1 mucho mejor\u201d, resalt\u00f3 con alegr\u00eda.\u00a0<\/span><\/p>\n<p><span style=\"font-weight: 400;\">Esta obra de la Prefectura Ciudadana del Guayas consiste en la colocaci\u00f3n de una base de material p\u00e9treo, para reforzar la estructura donde luego se aplicar\u00e1 doble riego, como una soluci\u00f3n durable y resistente, que da un aspecto de asfaltado a los caminos.<\/span><\/p>\n<p><span style=\"font-weight: 400;\">La v\u00eda de 4,7 kil\u00f3metros de extensi\u00f3n, y 6 metros de ancho; traer\u00e1 progreso, producci\u00f3n y oportunidades laborales a los cerca de 4 mil habitantes de los recintos General G\u00f3mez y R\u00edo Seco.<\/span><\/p>\n<p><span style=\"font-weight: 400;\">\u201cAntes no pod\u00edamos trabajar en las motos, era dif\u00edcil y hoy nos est\u00e1n tomando en cuenta, gracias a la Prefectura\u201d, expres\u00f3 Orlando Murillo otro motociclista, que trabaja en esa v\u00eda.<\/span><\/p>\n<p><span style=\"font-weight: 400;\">El viceprefecto Carlos Serrano inspeccion\u00f3 la intervenci\u00f3n de este camino secundario, junto al personal de Obras P\u00fablicas de la Prefectura. \u201cVa a conectar a muchos recintos m\u00e1s y a beneficiar a las familias que van a poder sacar sus cultivos o llevar a sus hijos a las escuelas en forma m\u00e1s segura\u201d, mencion\u00f3.<\/span><\/p>\n","protected":false},"excerpt":{"rendered":"<p>Guayaquil.- Galo Lindao ofrece, con su moto, transporte a quienes necesiten ingresar a los recintos General G\u00f3mez y R\u00edo Seco. A diario, sol\u00eda realizar cerca de 10 recorridos, hasta que su moto cay\u00f3 en un bache y se averi\u00f3. Mientras Galo contaba su caso, maquinaria de la Prefectura Ciudadana del Guayas ejecutaba la reconformaci\u00f3n de [&hellip;]<\/p>\n","protected":false},"author":2,"featured_media":3214,"comment_status":"open","ping_status":"closed","sticky":false,"template":"","format":"standard","meta":{"_jetpack_memberships_contains_paid_content":false,"footnotes":""},"categories":[13],"tags":[415],"class_list":["post-3212","post","type-post","status-publish","format-standard","has-post-thumbnail","hentry","category-noticias-nacionales","tag-prefectura-ciudadana-del-guayas"],"jetpack_featured_media_url":"https:\/\/radiocresatelital.com\/wp-content\/uploads\/2023\/08\/AMF_3465-scaled.jpg","jetpack_sharing_enabled":true,"_links":{"self":[{"href":"https:\/\/radiocresatelital.com\/index.php?rest_route=\/wp\/v2\/posts\/3212","targetHints":{"allow":["GET"]}}],"collection":[{"href":"https:\/\/radiocresatelital.com\/index.php?rest_route=\/wp\/v2\/posts"}],"about":[{"href":"https:\/\/radiocresatelital.com\/index.php?rest_route=\/wp\/v2\/types\/post"}],"author":[{"embeddable":true,"href":"https:\/\/radiocresatelital.com\/index.php?rest_route=\/wp\/v2\/users\/2"}],"replies":[{"embeddable":true,"href":"https:\/\/radiocresatelital.com\/index.php?rest_route=%2Fwp%2Fv2%2Fcomments&post=3212"}],"version-history":[{"count":1,"href":"https:\/\/radiocresatelital.com\/index.php?rest_route=\/wp\/v2\/posts\/3212\/revisions"}],"predecessor-version":[{"id":3215,"href":"https:\/\/radiocresatelital.com\/index.php?rest_route=\/wp\/v2\/posts\/3212\/revisions\/3215"}],"wp:featuredmedia":[{"embeddable":true,"href":"https:\/\/radiocresatelital.com\/index.php?rest_route=\/wp\/v2\/media\/3214"}],"wp:attachment":[{"href":"https:\/\/radiocresatelital.com\/index.php?rest_route=%2Fwp%2Fv2%2Fmedia&parent=3212"}],"wp:term":[{"taxonomy":"category","embeddable":true,"href":"https:\/\/radiocresatelital.com\/index.php?rest_route=%2Fwp%2Fv2%2Fcategories&post=3212"},{"taxonomy":"post_tag","embeddable":true,"href":"https:\/\/radiocresatelital.com\/index.php?rest_route=%2Fwp%2Fv2%2Ftags&post=3212"}],"curies":[{"name":"wp","href":"https:\/\/api.w.org\/{rel}","templated":true}]}}