{"id":32118,"date":"2025-07-16T22:38:46","date_gmt":"2025-07-16T22:38:46","guid":{"rendered":"https:\/\/radiocresatelital.com\/?p=32118"},"modified":"2025-07-16T22:38:46","modified_gmt":"2025-07-16T22:38:46","slug":"festival-interacto-activa-la-ciudad-con-musica-danza-y-teatro-al-aire-libre","status":"publish","type":"post","link":"https:\/\/radiocresatelital.com\/?p=32118","title":{"rendered":"Festival Interacto activa la ciudad con m\u00fasica, danza y teatro al aire libre"},"content":{"rendered":"<p>Guayaquil.- Como parte de la celebraci\u00f3n por los 490 a\u00f1os de fundaci\u00f3n de Guayaquil, la ciudad se llena de vida con la participaci\u00f3n de cientos de estudiantes de arte que presentan su talento al aire libre. Esta actividad se desarrolla dentro del Festival Interacto, un encuentro que transforma los espacios p\u00fablicos en escenarios abiertos para la<br \/>\nm\u00fasica, la danza y el teatro.<\/p>\n<p>A trav\u00e9s de esta iniciativa, los j\u00f3venes artistas proyectan sus habilidades y aportan a una agenda cultural que celebra la identidad guayaquile\u00f1a y promueve el arte como herramienta de cohesi\u00f3n social. Las presentaciones se realizar\u00e1n hasta el s\u00e1bado 18 de julio en el Hemiciclo de la Rotonda del Malec\u00f3n 2000, con acceso gratuito para toda la ciudadan\u00eda.<\/p>\n<p><img decoding=\"async\" class=\"aligncenter\" src=\"https:\/\/guayaquil.gob.ec\/wp-content\/uploads\/2025\/07\/festival-interacto-activa-ciudad-musica-danza-teatro-aire-libre1-300x224.jpg\" alt=\"Festival Interacto activa la ciudad con m\u00fasica, danza y teatro al aire libre  \u2013 Alcald\u00eda de Guayaquil\" \/><br \/>\nLas fiestas julianas se consolidan, as\u00ed como una plataforma que fomenta el talento local, impulsa la creaci\u00f3n contempor\u00e1nea y fortalece el tejido social con espacios de convivencia y esparcimiento sano para las familias.<\/p>\n<p>\u201cMe siento muy emocionada y agradecida. Gracias a la administraci\u00f3n por brindar estos espacios para mostrar todo lo que sabemos en arte\u201d, coment\u00f3 Beatriz Navas.<\/p>\n<p>Con estas acciones, el Municipio de Guayaquil ratifica su compromiso con la cultura, la educaci\u00f3n y el aprovechamiento creativo de los espacios p\u00fablicos como puntos de encuentro que enriquecen la vida de la ciudad.<\/p>\n","protected":false},"excerpt":{"rendered":"<p>Guayaquil.- Como parte de la celebraci\u00f3n por los 490 a\u00f1os de fundaci\u00f3n de Guayaquil, la ciudad se llena de vida con la participaci\u00f3n de cientos de estudiantes de arte que presentan su talento al aire libre. Esta actividad se desarrolla dentro del Festival Interacto, un encuentro que transforma los espacios p\u00fablicos en escenarios abiertos para [&hellip;]<\/p>\n","protected":false},"author":2,"featured_media":32119,"comment_status":"open","ping_status":"closed","sticky":false,"template":"","format":"standard","meta":{"_jetpack_memberships_contains_paid_content":false,"footnotes":""},"categories":[33,13],"tags":[5122,147],"class_list":["post-32118","post","type-post","status-publish","format-standard","has-post-thumbnail","hentry","category-guayaquil","category-noticias-nacionales","tag-festival-interacto","tag-fiestas-julianas"],"jetpack_featured_media_url":"https:\/\/radiocresatelital.com\/wp-content\/uploads\/2025\/07\/festival-interacto-activa-ciudad-musica-danza-teatro-aire-libre3.jpg","jetpack_sharing_enabled":true,"_links":{"self":[{"href":"https:\/\/radiocresatelital.com\/index.php?rest_route=\/wp\/v2\/posts\/32118","targetHints":{"allow":["GET"]}}],"collection":[{"href":"https:\/\/radiocresatelital.com\/index.php?rest_route=\/wp\/v2\/posts"}],"about":[{"href":"https:\/\/radiocresatelital.com\/index.php?rest_route=\/wp\/v2\/types\/post"}],"author":[{"embeddable":true,"href":"https:\/\/radiocresatelital.com\/index.php?rest_route=\/wp\/v2\/users\/2"}],"replies":[{"embeddable":true,"href":"https:\/\/radiocresatelital.com\/index.php?rest_route=%2Fwp%2Fv2%2Fcomments&post=32118"}],"version-history":[{"count":1,"href":"https:\/\/radiocresatelital.com\/index.php?rest_route=\/wp\/v2\/posts\/32118\/revisions"}],"predecessor-version":[{"id":32120,"href":"https:\/\/radiocresatelital.com\/index.php?rest_route=\/wp\/v2\/posts\/32118\/revisions\/32120"}],"wp:featuredmedia":[{"embeddable":true,"href":"https:\/\/radiocresatelital.com\/index.php?rest_route=\/wp\/v2\/media\/32119"}],"wp:attachment":[{"href":"https:\/\/radiocresatelital.com\/index.php?rest_route=%2Fwp%2Fv2%2Fmedia&parent=32118"}],"wp:term":[{"taxonomy":"category","embeddable":true,"href":"https:\/\/radiocresatelital.com\/index.php?rest_route=%2Fwp%2Fv2%2Fcategories&post=32118"},{"taxonomy":"post_tag","embeddable":true,"href":"https:\/\/radiocresatelital.com\/index.php?rest_route=%2Fwp%2Fv2%2Ftags&post=32118"}],"curies":[{"name":"wp","href":"https:\/\/api.w.org\/{rel}","templated":true}]}}