{"id":32115,"date":"2025-07-16T22:11:40","date_gmt":"2025-07-16T22:11:40","guid":{"rendered":"https:\/\/radiocresatelital.com\/?p=32115"},"modified":"2025-07-16T22:11:40","modified_gmt":"2025-07-16T22:11:40","slug":"msp-convoca-a-profesionales-medicos-a-postular-al-ano-de-salud-rural-de-servicio-social-septiembre-2025-agosto-2026","status":"publish","type":"post","link":"https:\/\/radiocresatelital.com\/?p=32115","title":{"rendered":"MSP convoca a profesionales m\u00e9dicos a postular al A\u00f1o de Salud Rural de Servicio Social septiembre 2025 \u2013 agosto 2026"},"content":{"rendered":"<p>Quito.-\u00a0El Ministerio de Salud P\u00fablica del Ecuador convoca a los profesionales m\u00e9dicos, enfermeros, odont\u00f3logos, obstetrices y obstetras de todo el pa\u00eds a que postulen en el proceso de A\u00f1o de Salud Rural de Servicio Social septiembre 2025 \u2013 agosto 2026.<\/p>\n<p>Los interesados podr\u00e1n ingresar al Sistema de Gesti\u00f3n de Rurales (SGR) para su registro en:\u00a0<a href=\"https:\/\/bit.ly\/2SjxXx5\">https:\/\/bit.ly\/2SjxXx5<\/a>, previo a la creaci\u00f3n de un usuario en el sistema.<\/p>\n<p>Los requisitos son: c\u00e9dula de identidad; registro del t\u00edtulo de tercer nivel de grado, en la Secretar\u00eda Nacional de Educaci\u00f3n Superior, Ciencia, Tecnolog\u00eda e Innovaci\u00f3n (SENESCYT); aprobaci\u00f3n del Examen de Habilitaci\u00f3n para Ejercicio Profesional (EHEP), emitido por el Consejo de Aseguramiento de la Calidad de la Educaci\u00f3n Superior (CACES); firma electr\u00f3nica adquirida a trav\u00e9s de las entidades autorizadas por el MINTEL (Consejo de la Judicatura, Registro Civil, Security Data y ANF AC); no tener impedimento para ejercer cargo p\u00fablico y los Certificados de Sustitutos Directos, emitidos por el Ministerio del Trabajo (MDT), que deben ser con fecha corte 30 de julio de 2025.<\/p>\n<p>A continuaci\u00f3n, se publica las fechas de postulaci\u00f3n del 1 al 7 de agosto:<\/p>\n<table>\n<tbody>\n<tr>\n<td><strong>\u00daLTIMO DIGITO<\/strong><\/td>\n<td><strong>FECHA<\/strong><\/td>\n<td><strong>HORARIO<\/strong><\/td>\n<\/tr>\n<tr>\n<td>0 Y 1<\/td>\n<td>Viernes, 01 de agosto de 2025<\/td>\n<td>06:00 A 17:00<\/td>\n<\/tr>\n<tr>\n<td>2 Y 3<\/td>\n<td>S\u00e1bado, 02 de agosto de 2025<\/td>\n<td>06:00 A 17:00<\/td>\n<\/tr>\n<tr>\n<td>4 Y 5<\/td>\n<td>Domingo, 03 de agosto de 2025<\/td>\n<td>06:00 A 17:00<\/td>\n<\/tr>\n<tr>\n<td>6 Y 7<\/td>\n<td>Lunes, 04 de agosto de 2025<\/td>\n<td>06:00 A 17:00<\/td>\n<\/tr>\n<tr>\n<td>8 Y 9<\/td>\n<td>Martes, 05 de agosto de 2025<\/td>\n<td>06:00 A 17:00<\/td>\n<\/tr>\n<tr>\n<td>Todos los d\u00edgitos<\/td>\n<td>Mi\u00e9rcoles, 06 de agosto de 2025<\/td>\n<td>06:00 A 17:00<\/td>\n<\/tr>\n<tr>\n<td>Todos los d\u00edgitos<\/td>\n<td>Jueves, 07 de agosto de 2025<\/td>\n<td>06:00 A 17:00<\/td>\n<\/tr>\n<\/tbody>\n<\/table>\n<p>Se recuerda que el proceso se cumplir\u00e1 seg\u00fan el \u00faltimo d\u00edgito de la c\u00e9dula de las personas y es en l\u00ednea.<\/p>\n<p>El viernes 8 de agosto se conocer\u00e1 la lista de postulantes. El d\u00eda siguiente, 9 de agosto, se publicar\u00e1 las plazas y del 10 al 15 de agosto ser\u00e1 la elecci\u00f3n de las misma. La publicaci\u00f3n de resultados de elecci\u00f3n y asignaci\u00f3n de plaza ser\u00e1 el viernes 22 de agosto de 2025, en la p\u00e1gina web (<a href=\"http:\/\/www.salud.gob.ec\/\">www.salud.gob.ec<\/a>)<\/p>\n<p>El inicio del A\u00f1o de Salud Rural de Servicio Social va desde el 2 de septiembre de 2025 al 31 de agosto de 2026.<\/p>\n","protected":false},"excerpt":{"rendered":"<p>Quito.-\u00a0El Ministerio de Salud P\u00fablica del Ecuador convoca a los profesionales m\u00e9dicos, enfermeros, odont\u00f3logos, obstetrices y obstetras de todo el pa\u00eds a que postulen en el proceso de A\u00f1o de Salud Rural de Servicio Social septiembre 2025 \u2013 agosto 2026. Los interesados podr\u00e1n ingresar al Sistema de Gesti\u00f3n de Rurales (SGR) para su registro en:\u00a0https:\/\/bit.ly\/2SjxXx5, [&hellip;]<\/p>\n","protected":false},"author":2,"featured_media":32116,"comment_status":"open","ping_status":"closed","sticky":false,"template":"","format":"standard","meta":{"_jetpack_memberships_contains_paid_content":false,"footnotes":""},"categories":[13],"tags":[2802],"class_list":["post-32115","post","type-post","status-publish","format-standard","has-post-thumbnail","hentry","category-noticias-nacionales","tag-ministerio-de-salud-publica-del-ecuador"],"jetpack_featured_media_url":"https:\/\/radiocresatelital.com\/wp-content\/uploads\/2025\/07\/Ano-rural.jpg","jetpack_sharing_enabled":true,"_links":{"self":[{"href":"https:\/\/radiocresatelital.com\/index.php?rest_route=\/wp\/v2\/posts\/32115","targetHints":{"allow":["GET"]}}],"collection":[{"href":"https:\/\/radiocresatelital.com\/index.php?rest_route=\/wp\/v2\/posts"}],"about":[{"href":"https:\/\/radiocresatelital.com\/index.php?rest_route=\/wp\/v2\/types\/post"}],"author":[{"embeddable":true,"href":"https:\/\/radiocresatelital.com\/index.php?rest_route=\/wp\/v2\/users\/2"}],"replies":[{"embeddable":true,"href":"https:\/\/radiocresatelital.com\/index.php?rest_route=%2Fwp%2Fv2%2Fcomments&post=32115"}],"version-history":[{"count":1,"href":"https:\/\/radiocresatelital.com\/index.php?rest_route=\/wp\/v2\/posts\/32115\/revisions"}],"predecessor-version":[{"id":32117,"href":"https:\/\/radiocresatelital.com\/index.php?rest_route=\/wp\/v2\/posts\/32115\/revisions\/32117"}],"wp:featuredmedia":[{"embeddable":true,"href":"https:\/\/radiocresatelital.com\/index.php?rest_route=\/wp\/v2\/media\/32116"}],"wp:attachment":[{"href":"https:\/\/radiocresatelital.com\/index.php?rest_route=%2Fwp%2Fv2%2Fmedia&parent=32115"}],"wp:term":[{"taxonomy":"category","embeddable":true,"href":"https:\/\/radiocresatelital.com\/index.php?rest_route=%2Fwp%2Fv2%2Fcategories&post=32115"},{"taxonomy":"post_tag","embeddable":true,"href":"https:\/\/radiocresatelital.com\/index.php?rest_route=%2Fwp%2Fv2%2Ftags&post=32115"}],"curies":[{"name":"wp","href":"https:\/\/api.w.org\/{rel}","templated":true}]}}