{"id":32109,"date":"2025-07-16T18:48:41","date_gmt":"2025-07-16T18:48:41","guid":{"rendered":"https:\/\/radiocresatelital.com\/?p=32109"},"modified":"2025-07-16T21:50:30","modified_gmt":"2025-07-16T21:50:30","slug":"conversatorio-estampas-de-guayaquil-cultura-literatura-y-periodismo-en-el-guayaquil-de-inicios-del-siglo-xx","status":"publish","type":"post","link":"https:\/\/radiocresatelital.com\/?p=32109","title":{"rendered":"Conversatorio \u201cEstampas de Guayaquil, cultura, literatura y periodismo en el Guayaquil de inicios del siglo XX\u201d"},"content":{"rendered":"<p>Guayaquil.- En el marco de las fiestas julianas y los 490 a\u00f1os de la fundaci\u00f3n espa\u00f1ola de Guayaquil, la Uni\u00f3n Nacional de Periodistas N\u00facleo del Guayas ha preparado diversas actividades culturales que tienen el prop\u00f3sito de recrear la historia del Guayaquil de inicios del siglo XX.<\/p>\n<p>Este viernes, 18 de julio de 2025, se realizar\u00e1 el Conversatorio \u201cEstampas de Guayaquil, cultura, literatura y periodismo en el Guayaquil de inicios del siglo XX\u201d, en el que participar\u00e1n destacados historiadores de la ciudad como el Lcdo. V\u00edctor Arellano (historiador y bibliotecario), la Dra. Norma Qui\u00f1\u00f3nez (historiadora), el Dr. Manuel Mera Cede\u00f1o (catedr\u00e1tico de la FACSO), y el Dr. Xavier Flores (Articulista e Historiador), que de diversas perspectivas epistemol\u00f3gicas y anal\u00edticas, aportar\u00e1n a recuperar la historia y memoria de Guayaquil de inicios del siglo XX, dado que en esta \u00e9poca se sent\u00edan las fuerzas transformadoras de la revoluci\u00f3n liberal de 1895 y el nacimiento del Grupo Literario de Guayaquil o Cinco Como un Pu\u00f1o.<\/p>\n<p>El mi\u00e9rcoles, 23 de julio de 2025, est\u00e1 prevista la Feria del Libro Usado 2025 en los bajos de la sede institucional de la UNP Guayas, en las calles Luz\u00e1rraga 229 y Rocafuerte (atr\u00e1s de la Cl\u00ednica Panamericana, calle peatonal, primer piso), donde se entregar\u00e1n libros gratuitos, y se presentar\u00e1n diversos grupos art\u00edsticos y de danza, as\u00ed como la Orquesta Municipal de Guayaquil.<\/p>\n<p>Finalmente, el jueves, 24 de julio de 2025, se realizar\u00e1 en nuestro auditorio institucional, la Verbena Guayaquile\u00f1a \u201cEntre Caf\u00e9 y Humitas\u201d para recuperar una de las grandes tradiciones de la ciudad de Guayaquil, todos los eventos est\u00e1n previstos a realizarse a partir de las 10h30 locales (15h30 GMT).<\/p>\n","protected":false},"excerpt":{"rendered":"<p>Guayaquil.- En el marco de las fiestas julianas y los 490 a\u00f1os de la fundaci\u00f3n espa\u00f1ola de Guayaquil, la Uni\u00f3n Nacional de Periodistas N\u00facleo del Guayas ha preparado diversas actividades culturales que tienen el prop\u00f3sito de recrear la historia del Guayaquil de inicios del siglo XX. Este viernes, 18 de julio de 2025, se realizar\u00e1 [&hellip;]<\/p>\n","protected":false},"author":2,"featured_media":32110,"comment_status":"open","ping_status":"closed","sticky":false,"template":"","format":"standard","meta":{"_jetpack_memberships_contains_paid_content":false,"footnotes":""},"categories":[33,13],"tags":[5120,5119,147,5121],"class_list":["post-32109","post","type-post","status-publish","format-standard","has-post-thumbnail","hentry","category-guayaquil","category-noticias-nacionales","tag-cultura","tag-estampas-de-guayaquil","tag-fiestas-julianas","tag-literatura-y-periodismo-en-el-guayaquil-de-inicios-del-siglo-xx"],"jetpack_featured_media_url":"https:\/\/radiocresatelital.com\/wp-content\/uploads\/2025\/07\/WhatsApp-Image-2025-07-16-at-16.39.21.jpeg","jetpack_sharing_enabled":true,"_links":{"self":[{"href":"https:\/\/radiocresatelital.com\/index.php?rest_route=\/wp\/v2\/posts\/32109","targetHints":{"allow":["GET"]}}],"collection":[{"href":"https:\/\/radiocresatelital.com\/index.php?rest_route=\/wp\/v2\/posts"}],"about":[{"href":"https:\/\/radiocresatelital.com\/index.php?rest_route=\/wp\/v2\/types\/post"}],"author":[{"embeddable":true,"href":"https:\/\/radiocresatelital.com\/index.php?rest_route=\/wp\/v2\/users\/2"}],"replies":[{"embeddable":true,"href":"https:\/\/radiocresatelital.com\/index.php?rest_route=%2Fwp%2Fv2%2Fcomments&post=32109"}],"version-history":[{"count":1,"href":"https:\/\/radiocresatelital.com\/index.php?rest_route=\/wp\/v2\/posts\/32109\/revisions"}],"predecessor-version":[{"id":32111,"href":"https:\/\/radiocresatelital.com\/index.php?rest_route=\/wp\/v2\/posts\/32109\/revisions\/32111"}],"wp:featuredmedia":[{"embeddable":true,"href":"https:\/\/radiocresatelital.com\/index.php?rest_route=\/wp\/v2\/media\/32110"}],"wp:attachment":[{"href":"https:\/\/radiocresatelital.com\/index.php?rest_route=%2Fwp%2Fv2%2Fmedia&parent=32109"}],"wp:term":[{"taxonomy":"category","embeddable":true,"href":"https:\/\/radiocresatelital.com\/index.php?rest_route=%2Fwp%2Fv2%2Fcategories&post=32109"},{"taxonomy":"post_tag","embeddable":true,"href":"https:\/\/radiocresatelital.com\/index.php?rest_route=%2Fwp%2Fv2%2Ftags&post=32109"}],"curies":[{"name":"wp","href":"https:\/\/api.w.org\/{rel}","templated":true}]}}