{"id":32103,"date":"2025-07-16T21:07:44","date_gmt":"2025-07-16T21:07:44","guid":{"rendered":"https:\/\/radiocresatelital.com\/?p=32103"},"modified":"2025-07-16T21:07:44","modified_gmt":"2025-07-16T21:07:44","slug":"guayaquil-protege-su-identidad-patrimonial-con-normas-claras-y-asesoria-tecnica","status":"publish","type":"post","link":"https:\/\/radiocresatelital.com\/?p=32103","title":{"rendered":"Guayaquil protege su identidad patrimonial con normas claras y asesor\u00eda t\u00e9cnica"},"content":{"rendered":"<p>Guayaquil.- La competencia sobre bienes inmuebles patrimoniales fue entregada a Guayaquil en 2017, sin embargo, su aplicaci\u00f3n no fue posible sino hasta 2020, una vez que el Ministerio de Cultura y Patrimonio del Ecuador emiti\u00f3 la Normativa T\u00e9cnica que regula la gesti\u00f3n patrimonial.<\/p>\n<p>Reci\u00e9n en abril de 2022, tras el colapso de la fachada oeste de la hist\u00f3rica Casa Tola (9 de Octubre y Escobedo), la administraci\u00f3n municipal de esa \u00e9poca cre\u00f3 la Unidad T\u00e9cnica de Patrimonio Cultural, evidenciando el escaso inter\u00e9s previo en este tema crucial para la identidad de la ciudad.<\/p>\n<p>Con el liderazgo del alcalde Aquiles Alvarez en el 2023, empez\u00f3 la verdadera transformaci\u00f3n, cuando el Concejo Municipal aprob\u00f3 la Primera Reforma a la Ordenanza General de Edificaciones y Construcciones del cant\u00f3n Guayaquil, estableciendo la obligaci\u00f3n de presentar documentaci\u00f3n t\u00e9cnica antes de intervenir inmuebles patrimoniales.<\/p>\n<p>En 2024, la nueva Direcci\u00f3n de Patrimonio Cultural sustituy\u00f3 a la anterior Unidad T\u00e9cnica, robusteciendo la capacidad de regular, planificar, coordinar y dirigir la gesti\u00f3n de estos bienes mediante inspecciones, seguimiento y asesor\u00eda t\u00e9cnica a los propietarios que deseen adecuar sus inmuebles conforme a la normativa.<\/p>\n<p><img decoding=\"async\" class=\"aligncenter\" src=\"https:\/\/www.culturaypatrimonio.gob.ec\/wp-content\/uploads\/2020\/04\/GUAYAQUIL-1024x323.jpg\" alt=\"GUAYAQUIL \u2013 Ministerio de Cultura y Patrimonio\" \/><br \/>\nUn avance clave fue la incorporaci\u00f3n, por primera vez, de la identificaci\u00f3n de los bienes inmuebles patrimoniales en la informaci\u00f3n catastral municipal. Esto permite a los usuarios conocer con claridad el car\u00e1cter patrimonial de sus propiedades al realizar cualquier tr\u00e1mite.<\/p>\n<p>\u201cEst\u00e1 por aprobarse en el Concejo Cantonal la primera Ordenanza para la gesti\u00f3n patrimonial de Guayaquil, que integra en un solo cuerpo legal las normas aplicables al Patrimonio Material e Inmaterial, principios, modelo de gesti\u00f3n y control, fomento y reg\u00edmenes de sanciones\u201d, mencion\u00f3 Karina Nogales, directora de Patrimonio Cultural.<\/p>\n<p>Una intervenci\u00f3n responsable de edificaciones hist\u00f3ricas impulsa el desarrollo econ\u00f3mico y tur\u00edstico, fortalece el tejido social y revitaliza zonas clave del centro de la ciudad. A la fecha, ya se han emitido 14 informes t\u00e9cnicos favorables para intervenciones en bienes patrimoniales.<\/p>\n<p>En esta l\u00ednea est\u00e1n la asesor\u00eda y autorizaci\u00f3n para la restauraci\u00f3n de la fachada del edificio Muhler y la Casa Frugone, as\u00ed como la primera etapa de intervenci\u00f3n en la Catedral de Guayaquil, proyecto que contempla el paseo de los vitrales en la parte alta, una cafeter\u00eda en planta baja, readecuaciones en pisos superiores y la instalaci\u00f3n de un ascensor en la Casa Parroquial.<\/p>\n<p>Estos avances demuestran que es posible proteger y revitalizar la memoria arquitect\u00f3nica de Guayaquil y conservar la historia viva de la Ciudad de Todos.<\/p>\n","protected":false},"excerpt":{"rendered":"<p>Guayaquil.- La competencia sobre bienes inmuebles patrimoniales fue entregada a Guayaquil en 2017, sin embargo, su aplicaci\u00f3n no fue posible sino hasta 2020, una vez que el Ministerio de Cultura y Patrimonio del Ecuador emiti\u00f3 la Normativa T\u00e9cnica que regula la gesti\u00f3n patrimonial. Reci\u00e9n en abril de 2022, tras el colapso de la fachada oeste [&hellip;]<\/p>\n","protected":false},"author":2,"featured_media":32104,"comment_status":"open","ping_status":"closed","sticky":false,"template":"","format":"standard","meta":{"_jetpack_memberships_contains_paid_content":false,"footnotes":""},"categories":[33,13],"tags":[5118],"class_list":["post-32103","post","type-post","status-publish","format-standard","has-post-thumbnail","hentry","category-guayaquil","category-noticias-nacionales","tag-ministerio-de-cultura-y-patrimonio-del-ecuador"],"jetpack_featured_media_url":"https:\/\/radiocresatelital.com\/wp-content\/uploads\/2025\/07\/Guayaquil1-1024x660-1.jpg","jetpack_sharing_enabled":true,"_links":{"self":[{"href":"https:\/\/radiocresatelital.com\/index.php?rest_route=\/wp\/v2\/posts\/32103","targetHints":{"allow":["GET"]}}],"collection":[{"href":"https:\/\/radiocresatelital.com\/index.php?rest_route=\/wp\/v2\/posts"}],"about":[{"href":"https:\/\/radiocresatelital.com\/index.php?rest_route=\/wp\/v2\/types\/post"}],"author":[{"embeddable":true,"href":"https:\/\/radiocresatelital.com\/index.php?rest_route=\/wp\/v2\/users\/2"}],"replies":[{"embeddable":true,"href":"https:\/\/radiocresatelital.com\/index.php?rest_route=%2Fwp%2Fv2%2Fcomments&post=32103"}],"version-history":[{"count":1,"href":"https:\/\/radiocresatelital.com\/index.php?rest_route=\/wp\/v2\/posts\/32103\/revisions"}],"predecessor-version":[{"id":32105,"href":"https:\/\/radiocresatelital.com\/index.php?rest_route=\/wp\/v2\/posts\/32103\/revisions\/32105"}],"wp:featuredmedia":[{"embeddable":true,"href":"https:\/\/radiocresatelital.com\/index.php?rest_route=\/wp\/v2\/media\/32104"}],"wp:attachment":[{"href":"https:\/\/radiocresatelital.com\/index.php?rest_route=%2Fwp%2Fv2%2Fmedia&parent=32103"}],"wp:term":[{"taxonomy":"category","embeddable":true,"href":"https:\/\/radiocresatelital.com\/index.php?rest_route=%2Fwp%2Fv2%2Fcategories&post=32103"},{"taxonomy":"post_tag","embeddable":true,"href":"https:\/\/radiocresatelital.com\/index.php?rest_route=%2Fwp%2Fv2%2Ftags&post=32103"}],"curies":[{"name":"wp","href":"https:\/\/api.w.org\/{rel}","templated":true}]}}