{"id":32088,"date":"2025-07-16T20:46:45","date_gmt":"2025-07-16T20:46:45","guid":{"rendered":"https:\/\/radiocresatelital.com\/?p=32088"},"modified":"2025-07-16T20:46:45","modified_gmt":"2025-07-16T20:46:45","slug":"la-seguridad-en-el-sur-de-quito-se-refuerza-con-operativos-en-el-transporte-metropolitano","status":"publish","type":"post","link":"https:\/\/radiocresatelital.com\/?p=32088","title":{"rendered":"La seguridad en el sur de Quito se refuerza con operativos en el transporte metropolitano"},"content":{"rendered":"<p>Quito.- Durante la emergencia en el sur de la ciudad, la Alcald\u00eda de Quito ha reforzado acciones en diversos campos, entre ellos, la realizaci\u00f3n de operativos de seguridad en los espacios del transporte p\u00fablico.<\/p>\n<p>En coordinaci\u00f3n interinstitucional, el Municipio ha realizado 68 operativos de seguridad durante la primera quincena de julio, en paradas y estaciones de la Ecov\u00eda y Troleb\u00fas.<\/p>\n<p>De ellos, 48 de control del espacio p\u00fablico y 20 de control de armas. Solo en el sur de la ciudad, en el mismo periodo de tiempo, se ejecutaron 24 operativos (ocho de control de armas y 16 del espacio p\u00fablico), que permitieron decomisar dos armas blancas, una funda con sustancias sujetas a fiscalizaci\u00f3n y 18 art\u00edculos (pipas, manoplas, fosforeras, cigarrillos).<\/p>\n<p>Los operativos en el sur tuvieron la participaci\u00f3n de 171 efectivos de la Polic\u00eda Nacional, Cuerpo de Agentes de Control, Agencia Metropolitana de Control y Empresa de Pasajeros, quienes se activaron en las estaciones Guaman\u00ed, El Recreo; la Terminal Quitumbe; las paradas Chimbacalle, Chillogallo y Capul\u00ed.<\/p>\n<p>En ese contexto, cabe se\u00f1alar que en el primer semestre de 2025 se realizaron 331 operativos: 33 en enero, 32 en febrero, 32 en marzo, 27 en abril, 85 en mayo y 112 en junio, que afianzan la seguridad de la ciudadan\u00eda que, pese a ser competencia del Gobierno Nacional, tiene alta prioridad dentro de la gesti\u00f3n del alcalde Pabel Mu\u00f1oz.<\/p>\n","protected":false},"excerpt":{"rendered":"<p>Quito.- Durante la emergencia en el sur de la ciudad, la Alcald\u00eda de Quito ha reforzado acciones en diversos campos, entre ellos, la realizaci\u00f3n de operativos de seguridad en los espacios del transporte p\u00fablico. En coordinaci\u00f3n interinstitucional, el Municipio ha realizado 68 operativos de seguridad durante la primera quincena de julio, en paradas y estaciones [&hellip;]<\/p>\n","protected":false},"author":2,"featured_media":32089,"comment_status":"open","ping_status":"closed","sticky":false,"template":"","format":"standard","meta":{"_jetpack_memberships_contains_paid_content":false,"footnotes":""},"categories":[13],"tags":[576],"class_list":["post-32088","post","type-post","status-publish","format-standard","has-post-thumbnail","hentry","category-noticias-nacionales","tag-alcaldia-de-quito"],"jetpack_featured_media_url":"https:\/\/radiocresatelital.com\/wp-content\/uploads\/2025\/07\/WhatsApp-Image-2024-11-05-at-14.55.26.jpeg","jetpack_sharing_enabled":true,"_links":{"self":[{"href":"https:\/\/radiocresatelital.com\/index.php?rest_route=\/wp\/v2\/posts\/32088","targetHints":{"allow":["GET"]}}],"collection":[{"href":"https:\/\/radiocresatelital.com\/index.php?rest_route=\/wp\/v2\/posts"}],"about":[{"href":"https:\/\/radiocresatelital.com\/index.php?rest_route=\/wp\/v2\/types\/post"}],"author":[{"embeddable":true,"href":"https:\/\/radiocresatelital.com\/index.php?rest_route=\/wp\/v2\/users\/2"}],"replies":[{"embeddable":true,"href":"https:\/\/radiocresatelital.com\/index.php?rest_route=%2Fwp%2Fv2%2Fcomments&post=32088"}],"version-history":[{"count":1,"href":"https:\/\/radiocresatelital.com\/index.php?rest_route=\/wp\/v2\/posts\/32088\/revisions"}],"predecessor-version":[{"id":32090,"href":"https:\/\/radiocresatelital.com\/index.php?rest_route=\/wp\/v2\/posts\/32088\/revisions\/32090"}],"wp:featuredmedia":[{"embeddable":true,"href":"https:\/\/radiocresatelital.com\/index.php?rest_route=\/wp\/v2\/media\/32089"}],"wp:attachment":[{"href":"https:\/\/radiocresatelital.com\/index.php?rest_route=%2Fwp%2Fv2%2Fmedia&parent=32088"}],"wp:term":[{"taxonomy":"category","embeddable":true,"href":"https:\/\/radiocresatelital.com\/index.php?rest_route=%2Fwp%2Fv2%2Fcategories&post=32088"},{"taxonomy":"post_tag","embeddable":true,"href":"https:\/\/radiocresatelital.com\/index.php?rest_route=%2Fwp%2Fv2%2Ftags&post=32088"}],"curies":[{"name":"wp","href":"https:\/\/api.w.org\/{rel}","templated":true}]}}