{"id":32069,"date":"2025-07-16T19:18:49","date_gmt":"2025-07-16T19:18:49","guid":{"rendered":"https:\/\/radiocresatelital.com\/?p=32069"},"modified":"2025-07-16T19:18:49","modified_gmt":"2025-07-16T19:18:49","slug":"ecu-911-se-ratifica-como-institucion-publica-comprometida-con-la-igualdad-y-los-derechos-de-las-mujeres","status":"publish","type":"post","link":"https:\/\/radiocresatelital.com\/?p=32069","title":{"rendered":"ECU 911 se ratifica como instituci\u00f3n p\u00fablica  comprometida con la igualdad y los derechos de las mujeres"},"content":{"rendered":"<p>Guayaquil.- El Servicio Integrado de Seguridad ECU 911 recibi\u00f3 el Certificado de Reconocimiento \u201cCompromiso con la Igualdad de Derechos de la Mujer\u2019, otorgado por el Ministerio de la Mujer y Derechos Humanos, como parte de las entidades p\u00fablicas que promueven espacios laborales libres de violencia y discriminaci\u00f3n.<\/p>\n<p>Este reconocimiento es el resultado de un proceso de capacitaci\u00f3n y concienciaci\u00f3n rigurosos, que se iniciaron en marzo del presente a\u00f1o e incluyeron la aprobaci\u00f3n de m\u00e1s de 1.500 servidores del ECU 911 en un curso en el que se abordaron perspectiva de g\u00e9nero, violencia sexual, rutas de atenci\u00f3n, masculinidades no machistas, medidas de protecci\u00f3n integral, entre otros.<\/p>\n<p>El Director General del ECU 911, Juan Carlos Paladines, se\u00f1al\u00f3 que este logro institucional refleja \u201cel firme compromiso del servicio con la igualdad de derechos y la construcci\u00f3n de un entorno laboral seguro y respetuoso para todas y todos. Estas cifras no solo hablan de la dedicaci\u00f3n de nuestro personal, sino que demuestran que cuando existe voluntad pol\u00edtica, articulaci\u00f3n t\u00e9cnica efectiva y un trabajo colectivo, es posible transformar realidades y fortalecer el tejido institucional desde sus cimientos\u201d.<\/p>\n<p>La Ministra de la Mujer y Derechos Humanos, Arianna Tanca, reconoci\u00f3 que \u201cel ECU 911 ha asumido con seriedad y responsabilidad el mandato de construir instituciones que no solo reaccionan ante emergencias, sino que tambi\u00e9n previenen, cuidan y garantizan una atenci\u00f3n libre de prejuicios y violencias. Este es un paso firme hacia un Estado m\u00e1s sensible, m\u00e1s humano, m\u00e1s igualitario\u201d.<\/p>\n<p>Esta certificaci\u00f3n se complementa con la aplicaci\u00f3n del Protocolo Interinstitucional para la Recepci\u00f3n de Emergencias por Violencia de G\u00e9nero con el que se atendieron 37 mil alertas por violencia f\u00edsica, psicol\u00f3gica y sexual contra mujeres e integrantes del n\u00facleo familiar.<\/p>\n<p>Con esta certificaci\u00f3n, el ECU 911 se inscribe en el cumplimiento del deber constitucional de garantizar igualdad de derechos y seguridad a la ciudadan\u00eda, dentro del \u00e1mbito de la gesti\u00f3n de emergencias.<\/p>\n","protected":false},"excerpt":{"rendered":"<p>Guayaquil.- El Servicio Integrado de Seguridad ECU 911 recibi\u00f3 el Certificado de Reconocimiento \u201cCompromiso con la Igualdad de Derechos de la Mujer\u2019, otorgado por el Ministerio de la Mujer y Derechos Humanos, como parte de las entidades p\u00fablicas que promueven espacios laborales libres de violencia y discriminaci\u00f3n. Este reconocimiento es el resultado de un proceso [&hellip;]<\/p>\n","protected":false},"author":2,"featured_media":32070,"comment_status":"open","ping_status":"closed","sticky":false,"template":"","format":"standard","meta":{"_jetpack_memberships_contains_paid_content":false,"footnotes":""},"categories":[13],"tags":[5113,5114],"class_list":["post-32069","post","type-post","status-publish","format-standard","has-post-thumbnail","hentry","category-noticias-nacionales","tag-compromiso-con-la-igualdad-de-derechos-de-la-mujer","tag-ministerio-de-la-mujer-y-derechos-humanos"],"jetpack_featured_media_url":"https:\/\/radiocresatelital.com\/wp-content\/uploads\/2025\/07\/WhatsApp-Image-2025-07-16-at-09.56.55.jpeg","jetpack_sharing_enabled":true,"_links":{"self":[{"href":"https:\/\/radiocresatelital.com\/index.php?rest_route=\/wp\/v2\/posts\/32069","targetHints":{"allow":["GET"]}}],"collection":[{"href":"https:\/\/radiocresatelital.com\/index.php?rest_route=\/wp\/v2\/posts"}],"about":[{"href":"https:\/\/radiocresatelital.com\/index.php?rest_route=\/wp\/v2\/types\/post"}],"author":[{"embeddable":true,"href":"https:\/\/radiocresatelital.com\/index.php?rest_route=\/wp\/v2\/users\/2"}],"replies":[{"embeddable":true,"href":"https:\/\/radiocresatelital.com\/index.php?rest_route=%2Fwp%2Fv2%2Fcomments&post=32069"}],"version-history":[{"count":1,"href":"https:\/\/radiocresatelital.com\/index.php?rest_route=\/wp\/v2\/posts\/32069\/revisions"}],"predecessor-version":[{"id":32071,"href":"https:\/\/radiocresatelital.com\/index.php?rest_route=\/wp\/v2\/posts\/32069\/revisions\/32071"}],"wp:featuredmedia":[{"embeddable":true,"href":"https:\/\/radiocresatelital.com\/index.php?rest_route=\/wp\/v2\/media\/32070"}],"wp:attachment":[{"href":"https:\/\/radiocresatelital.com\/index.php?rest_route=%2Fwp%2Fv2%2Fmedia&parent=32069"}],"wp:term":[{"taxonomy":"category","embeddable":true,"href":"https:\/\/radiocresatelital.com\/index.php?rest_route=%2Fwp%2Fv2%2Fcategories&post=32069"},{"taxonomy":"post_tag","embeddable":true,"href":"https:\/\/radiocresatelital.com\/index.php?rest_route=%2Fwp%2Fv2%2Ftags&post=32069"}],"curies":[{"name":"wp","href":"https:\/\/api.w.org\/{rel}","templated":true}]}}