{"id":3206,"date":"2023-08-25T20:31:56","date_gmt":"2023-08-25T20:31:56","guid":{"rendered":"https:\/\/radiocresatelital.com\/?p=3206"},"modified":"2023-08-25T20:31:56","modified_gmt":"2023-08-25T20:31:56","slug":"concejo-municipal-de-guayaquil-ha-aprobado-12-ordenanzas-para-generar-bienestar-entre-los-ciudadanos","status":"publish","type":"post","link":"https:\/\/radiocresatelital.com\/?p=3206","title":{"rendered":"Concejo Municipal de Guayaquil ha aprobado 12 ordenanzas para generar bienestar entre los ciudadanos"},"content":{"rendered":"<p>Guayaquil.- El Alcalde de Guayaquil, Aquiles \u00c1lvarez, cumple 100 d\u00edas desde que asumi\u00f3 el cargo. Una de sus prioridades ha sido poner la casa en orden y trabajar de manera articulada con todas las instituciones, especialmente aquellas que se dedican a la seguridad.<\/p>\n<p>El Concejo Municipal de Guayaquil ha aprobado una docena de ordenanzas en sus primeros 100 d\u00edas de gesti\u00f3n. Los ejes tem\u00e1ticos fueron seguridad, movilidad, frente social y gesti\u00f3n administrativa, los cuales est\u00e1n enmarcados en el plan de gobierno del Alcalde Aquiles \u00c1lvarez.<\/p>\n<p>Seguridad: Entre los hitos de esta administraci\u00f3n est\u00e1 la creaci\u00f3n de Segura EP, que absorber\u00e1 a la Direcci\u00f3n de Gesti\u00f3n de Riesgos, administrar\u00e1 a los agentes metropolitanos y articular\u00e1 acciones con la Polic\u00eda Nacional.<\/p>\n<p>Inclusi\u00f3n: Tambi\u00e9n se aprob\u00f3 la ordenanza para la inclusi\u00f3n de los comerciantes aut\u00f3nomos mediante ferias, en el marco del orden, control y<br \/>\nlimpieza.<\/p>\n<p>Reordenamiento: Una de las primeras ordenanzas aprobadas fue aquella que cre\u00f3 19 \u00e1reas de gesti\u00f3n administrativa, con el objetivo de acercar el Municipio al territorio y planificar de una manera m\u00e1s equitativa la obra p\u00fablica y dotaci\u00f3n de servicios.<\/p>\n<p>Reducci\u00f3n de multas: El Concejo Municipal aprob\u00f3 la eliminaci\u00f3n y reducci\u00f3n de 13 multas de tr\u00e1nsito creadas mediante ordenanza y la aprobaci\u00f3n de una sola revisi\u00f3n t\u00e9cnica vehicular a buses y taxis.<\/p>\n<p>M\u00e1s plazo para regularizaciones: La ampliaci\u00f3n del plazo para el catastro de edificaciones hasta finales de a\u00f1o lo que da m\u00e1s tiempo a los guayaquile\u00f1os para actualizar las construcciones en sus predios.<\/p>\n<p>Silla Vac\u00eda: Otro de los hitos del Concejo Municipal ha sido normar el uso de la \u2018silla vac\u00eda\u2019 para viabilizar la participaci\u00f3n ciudadana.<\/p>\n<p>Felipe Cabezas-Klaere, secretario municipal, resalt\u00f3 la colaboraci\u00f3n de todos los concejales \u201cindistintamente de la tienda pol\u00edtica que ellos tengan, hemos hecho un solo equipo de trabajo\u201d<\/p>\n","protected":false},"excerpt":{"rendered":"<p>Guayaquil.- El Alcalde de Guayaquil, Aquiles \u00c1lvarez, cumple 100 d\u00edas desde que asumi\u00f3 el cargo. Una de sus prioridades ha sido poner la casa en orden y trabajar de manera articulada con todas las instituciones, especialmente aquellas que se dedican a la seguridad. El Concejo Municipal de Guayaquil ha aprobado una docena de ordenanzas en [&hellip;]<\/p>\n","protected":false},"author":2,"featured_media":3207,"comment_status":"open","ping_status":"closed","sticky":false,"template":"","format":"standard","meta":{"_jetpack_memberships_contains_paid_content":false,"footnotes":""},"categories":[33,13],"tags":[293],"class_list":["post-3206","post","type-post","status-publish","format-standard","has-post-thumbnail","hentry","category-guayaquil","category-noticias-nacionales","tag-alcaldia-de-guayaquil"],"jetpack_featured_media_url":"https:\/\/radiocresatelital.com\/wp-content\/uploads\/2023\/08\/F4VhlB1WoAA9sSn.jpg","jetpack_sharing_enabled":true,"_links":{"self":[{"href":"https:\/\/radiocresatelital.com\/index.php?rest_route=\/wp\/v2\/posts\/3206","targetHints":{"allow":["GET"]}}],"collection":[{"href":"https:\/\/radiocresatelital.com\/index.php?rest_route=\/wp\/v2\/posts"}],"about":[{"href":"https:\/\/radiocresatelital.com\/index.php?rest_route=\/wp\/v2\/types\/post"}],"author":[{"embeddable":true,"href":"https:\/\/radiocresatelital.com\/index.php?rest_route=\/wp\/v2\/users\/2"}],"replies":[{"embeddable":true,"href":"https:\/\/radiocresatelital.com\/index.php?rest_route=%2Fwp%2Fv2%2Fcomments&post=3206"}],"version-history":[{"count":1,"href":"https:\/\/radiocresatelital.com\/index.php?rest_route=\/wp\/v2\/posts\/3206\/revisions"}],"predecessor-version":[{"id":3208,"href":"https:\/\/radiocresatelital.com\/index.php?rest_route=\/wp\/v2\/posts\/3206\/revisions\/3208"}],"wp:featuredmedia":[{"embeddable":true,"href":"https:\/\/radiocresatelital.com\/index.php?rest_route=\/wp\/v2\/media\/3207"}],"wp:attachment":[{"href":"https:\/\/radiocresatelital.com\/index.php?rest_route=%2Fwp%2Fv2%2Fmedia&parent=3206"}],"wp:term":[{"taxonomy":"category","embeddable":true,"href":"https:\/\/radiocresatelital.com\/index.php?rest_route=%2Fwp%2Fv2%2Fcategories&post=3206"},{"taxonomy":"post_tag","embeddable":true,"href":"https:\/\/radiocresatelital.com\/index.php?rest_route=%2Fwp%2Fv2%2Ftags&post=3206"}],"curies":[{"name":"wp","href":"https:\/\/api.w.org\/{rel}","templated":true}]}}