{"id":32058,"date":"2025-07-16T18:17:38","date_gmt":"2025-07-16T18:17:38","guid":{"rendered":"https:\/\/radiocresatelital.com\/?p=32058"},"modified":"2025-07-16T19:44:44","modified_gmt":"2025-07-16T19:44:44","slug":"presidente-daniel-noboa-reafirma-su-compromiso-con-la-primera-infancia-de-esmeraldas-con-al-entrega-de-nuevo-centro-de-desarrollo-infantil","status":"publish","type":"post","link":"https:\/\/radiocresatelital.com\/?p=32058","title":{"rendered":"Presidente Daniel Noboa reafirma su compromiso con la primera infancia de Esmeraldas con al entrega de nuevo centro de desarrollo infantil"},"content":{"rendered":"<p>Esmeraldas.- Garantizar entornos seguros es el primer paso para promover un desarrollo integral en los ni\u00f1os y ni\u00f1as del Nuevo Ecuador. Por eso, la ma\u00f1ana de este mi\u00e9rcoles 16 de julio, el presidente de la Rep\u00fablica, Daniel Noboa Azin, entreg\u00f3 el Centro de Desarrollo Infantil (DCI) \u201cC\u00e9sar Plaza Monz\u00f3n\u201d en la provincia de Esmeraldas. Esta obra, que permaneci\u00f3 abandonada tras el terremoto, hoy abre sus puertas a la ciudadan\u00eda como una muestra de compromiso del Gobierno Nacional con la primera infancia.<\/p>\n<p>\u201cEsta Provincia Verde nos recuerda lo que significa mantenerse firme en la adversidad, volver a empezar con energ\u00eda y esperanza. Y estamos aqu\u00ed para cumplirles (\u2026). Lo hemos demostrado desde el d\u00eda uno y ya con resultados. Golpeamos a la delincuencia y recuperamos barrios y familias enteras que estaban en el abandono\u201d, sostuvo Noboa.<\/p>\n<p>Precisamente, el Centro de Desarrollo Infantil C\u00e9sar Plaza Monz\u00f3n es una muestra de ello. Esta infraestructura nueva, moderna y segura acoger\u00e1 a 100 ni\u00f1as y ni\u00f1os de 1 a 3 a\u00f1os, contribuyendo as\u00ed a su desarrollo temprano, bienestar y protecci\u00f3n. En este centro recibir\u00e1n cuidados diarios, estimulaci\u00f3n temprana, acompa\u00f1amiento en su desarrollo y una alimentaci\u00f3n adecuada.<\/p>\n<p>En esta l\u00ednea, Harold Burbano, ministro de Inclusi\u00f3n Econ\u00f3mica y Social, enfatiz\u00f3 en que \u201cla pol\u00edtica social del presidente Noboa tiene una estructura y metodolog\u00eda de acompa\u00f1amiento a las familias\u201d. Por consiguiente, Burbano anunci\u00f3 que los ciudadanos de Esmeraldas, tambi\u00e9n contar\u00e1n con el primer Centro de Desarrollo de Emprendimientos, \u201cporque tiene que complementarse el trabajo de cuidado con el apoyo y acompa\u00f1amiento a las familias\u201d.<\/p>\n<p>A escala nacional, con los servicios de desarrollo infantil del MIES (Centros de Desarrollo Infantil y atenci\u00f3n Creciendo con Nuestros Hijos) atendemos a cerca de 300.000 ni\u00f1as, ni\u00f1os de 0 a 3 a\u00f1os de edad y mujeres gestantes, con una inversi\u00f3n de diciembre 2023 a junio de 2025 de USD 299 millones.<\/p>\n<p>\u201cGracias por permitirnos acompa\u00f1arlos y darles un alivio en el proceso de crianza de sus hijos. Sabemos lo importante que es para ustedes salir a trabajar con la certeza de que sus hijos est\u00e1n en buenas manos\u201d, reiter\u00f3 el Presidente de la Rep\u00fablica. Por ello, Sara Colorado, una de las madres beneficiarias del nuevo CDI, agradeci\u00f3 la entrega de este espacio que se traduce en cuidado digno y seguro para los ni\u00f1os de la localidad.<\/p>\n<p>En la provincia de Esmeraldas, hay un total de 122 CDI, de los cuales 70 est\u00e1n localizados en la direcci\u00f3n Distrital San Lorenzo, que comprende los cantones de San Lorenzo, Eloy Alfaro y Rioverde; y 52 Centros de Desarrollo Infantil, ubicados en los cantones Esmeraldas, Muisne, Atacames y Quinind\u00e9.<\/p>\n","protected":false},"excerpt":{"rendered":"<p>Esmeraldas.- Garantizar entornos seguros es el primer paso para promover un desarrollo integral en los ni\u00f1os y ni\u00f1as del Nuevo Ecuador. Por eso, la ma\u00f1ana de este mi\u00e9rcoles 16 de julio, el presidente de la Rep\u00fablica, Daniel Noboa Azin, entreg\u00f3 el Centro de Desarrollo Infantil (DCI) \u201cC\u00e9sar Plaza Monz\u00f3n\u201d en la provincia de Esmeraldas. Esta [&hellip;]<\/p>\n","protected":false},"author":2,"featured_media":32076,"comment_status":"open","ping_status":"closed","sticky":false,"template":"","format":"standard","meta":{"_jetpack_memberships_contains_paid_content":false,"footnotes":""},"categories":[13],"tags":[1322],"class_list":["post-32058","post","type-post","status-publish","format-standard","has-post-thumbnail","hentry","category-noticias-nacionales","tag-presidente-daniel-noboa"],"jetpack_featured_media_url":"https:\/\/radiocresatelital.com\/wp-content\/uploads\/2025\/07\/54659267121_8fb5cb404d_c.jpg","jetpack_sharing_enabled":true,"_links":{"self":[{"href":"https:\/\/radiocresatelital.com\/index.php?rest_route=\/wp\/v2\/posts\/32058","targetHints":{"allow":["GET"]}}],"collection":[{"href":"https:\/\/radiocresatelital.com\/index.php?rest_route=\/wp\/v2\/posts"}],"about":[{"href":"https:\/\/radiocresatelital.com\/index.php?rest_route=\/wp\/v2\/types\/post"}],"author":[{"embeddable":true,"href":"https:\/\/radiocresatelital.com\/index.php?rest_route=\/wp\/v2\/users\/2"}],"replies":[{"embeddable":true,"href":"https:\/\/radiocresatelital.com\/index.php?rest_route=%2Fwp%2Fv2%2Fcomments&post=32058"}],"version-history":[{"count":1,"href":"https:\/\/radiocresatelital.com\/index.php?rest_route=\/wp\/v2\/posts\/32058\/revisions"}],"predecessor-version":[{"id":32060,"href":"https:\/\/radiocresatelital.com\/index.php?rest_route=\/wp\/v2\/posts\/32058\/revisions\/32060"}],"wp:featuredmedia":[{"embeddable":true,"href":"https:\/\/radiocresatelital.com\/index.php?rest_route=\/wp\/v2\/media\/32076"}],"wp:attachment":[{"href":"https:\/\/radiocresatelital.com\/index.php?rest_route=%2Fwp%2Fv2%2Fmedia&parent=32058"}],"wp:term":[{"taxonomy":"category","embeddable":true,"href":"https:\/\/radiocresatelital.com\/index.php?rest_route=%2Fwp%2Fv2%2Fcategories&post=32058"},{"taxonomy":"post_tag","embeddable":true,"href":"https:\/\/radiocresatelital.com\/index.php?rest_route=%2Fwp%2Fv2%2Ftags&post=32058"}],"curies":[{"name":"wp","href":"https:\/\/api.w.org\/{rel}","templated":true}]}}