{"id":3203,"date":"2023-08-25T20:28:07","date_gmt":"2023-08-25T20:28:07","guid":{"rendered":"https:\/\/radiocresatelital.com\/?p=3203"},"modified":"2023-08-25T20:28:07","modified_gmt":"2023-08-25T20:28:07","slug":"guayaquil-ha-experimentado-100-dias-de-cambio-y-promesas-cumplidas","status":"publish","type":"post","link":"https:\/\/radiocresatelital.com\/?p=3203","title":{"rendered":"Guayaquil ha experimentado 100 d\u00edas de cambio y promesas cumplidas"},"content":{"rendered":"<p>Guayaquil.- El Alcalde de Guayaquil, Aquiles \u00c1lvarez, cumple 100 d\u00edas desde que asumi\u00f3 el cargo. Una de sus prioridades ha sido poner la casa en orden y trabajar de manera articulada con todas las instituciones, especialmente aquellas que se dedican a la seguridad.<\/p>\n<p>Durante este tiempo se aprob\u00f3 el presupuesto municipal para lo que queda de 2023, el cual se fij\u00f3 en USD 656 millones, lo que representa 13% menos que el heredado por la administraci\u00f3n municipal anterior.<\/p>\n<p>El burgomaestre est\u00e1 enfocado en hacer realidad sus ofrecimientos de campa\u00f1a, entre ellos:<\/p>\n<p>\u2022 Reorganizaci\u00f3n territorial de Guayaquil con la creaci\u00f3n de 19 \u00e1reas de gesti\u00f3n administrativa para acercar el Municipio a los barrios y distribuir de una manera equitativa la obra p\u00fablica.<br \/>\n\u2022 Rebaja de 13 multas de tr\u00e1nsito.<br \/>\n\u2022 Creaci\u00f3n de la Empresa P\u00fablica Municipal de Seguridad Segura EP.<br \/>\n\u2022 Convenio con el Ministerio del Interior para trabajar de manera conjunta en materia de seguridad con la Polic\u00eda Nacional.<br \/>\n\u2022 Solicitud al Gobierno Nacional para el traspaso de competencias del Parque Samanes.<br \/>\n\u2022 Inclusi\u00f3n de los comerciantes aut\u00f3nomos con ferias ciudadanas y prohibici\u00f3n de decomiso de mercader\u00eda. Adicionalmente, gracias a un manejo adecuado de los recursos p\u00fablicos, se ha masificado la atenci\u00f3n a los guayaquile\u00f1os. En esa l\u00ednea, los logros son:<br \/>\n\u2022 1.503 parques y \u00e1reas verdes intervenidas, que incluye el combate a la cochinilla. Ese trabajo ha permitido que \u00e1rboles samanes ubicados en<br \/>\nUrdesa, Kennedy, La Garzota y Av. Isidro Ayora empiecen a recuperarse.<br \/>\n\u2022 Las presentaciones de la Banda Municipal y Orquesta Filarm\u00f3nica han llegado a 11.027 personas. Esto incluye la Ruta de las Iglesias que llev\u00f3 a los m\u00fasicos a las iglesias del Cristo del Consuelo, Mar\u00eda Auxiliadora, La Merced, entre otras.<br \/>\n\u2022 180 kil\u00f3metros de v\u00edas intervenidas lo que ha permitido mejorar la vialidad de la ciudad.<br \/>\n\u2022 179 mingas para recolectar desechos en zonas que se hab\u00edan convertido en basureros.<br \/>\n\u2022 M\u00e1s de 470.000 alertas han sido atendidas desde la central de llamadas de emergencia, donde se coordina la respuesta con las diferentes<br \/>\nentidades.<br \/>\n\u2022 La red de hospitales, dispensarios y cl\u00ednicas m\u00f3viles municipales han brindado 270.785 atenciones m\u00e9dicas.<br \/>\n\u2022 El Registro Civil Municipal ha emitido 118.397 c\u00e9dulas de identidad.<br \/>\n\u2022 El Registro de la Propiedad, que abri\u00f3 su matriz en el centro de Guayaquil para ofrecer atenci\u00f3n presencial, ha completado 72.235<br \/>\ntr\u00e1mites.<br \/>\n\u2022 Se han realizado 22 activaciones ciudadanas, lo que ha permitido llevar los servicios municipales al territorio y atender a 63.088 personas.<br \/>\n\u2022 Casa Rosada ha atendido a 7.500 personas con servicios como medicina general, odontolog\u00eda, salud mental y tr\u00e1mites municipales.<br \/>\n\u2022 Se han entregado 30.564 ayudas t\u00e9cnicas a personas con capacidades especiales y sus familias.<br \/>\n\u2022 Bienestar Animal ha ofrecido un total de 79.242 atenciones veterinarias.<\/p>\n<p>De esta forma la Alcald\u00eda Ciudadana de Guayaquil, bajo el liderazgo de Aquiles Alvarez, mantiene su compromiso de generar bienestar entre los ciudadanos, con la reactivaci\u00f3n de la obra p\u00fablica y los servicios municipales.<\/p>\n","protected":false},"excerpt":{"rendered":"<p>Guayaquil.- El Alcalde de Guayaquil, Aquiles \u00c1lvarez, cumple 100 d\u00edas desde que asumi\u00f3 el cargo. Una de sus prioridades ha sido poner la casa en orden y trabajar de manera articulada con todas las instituciones, especialmente aquellas que se dedican a la seguridad. Durante este tiempo se aprob\u00f3 el presupuesto municipal para lo que queda [&hellip;]<\/p>\n","protected":false},"author":2,"featured_media":3204,"comment_status":"open","ping_status":"closed","sticky":false,"template":"","format":"standard","meta":{"_jetpack_memberships_contains_paid_content":false,"footnotes":""},"categories":[33,13],"tags":[293],"class_list":["post-3203","post","type-post","status-publish","format-standard","has-post-thumbnail","hentry","category-guayaquil","category-noticias-nacionales","tag-alcaldia-de-guayaquil"],"jetpack_featured_media_url":"https:\/\/radiocresatelital.com\/wp-content\/uploads\/2023\/08\/1500x500.jpg","jetpack_sharing_enabled":true,"_links":{"self":[{"href":"https:\/\/radiocresatelital.com\/index.php?rest_route=\/wp\/v2\/posts\/3203","targetHints":{"allow":["GET"]}}],"collection":[{"href":"https:\/\/radiocresatelital.com\/index.php?rest_route=\/wp\/v2\/posts"}],"about":[{"href":"https:\/\/radiocresatelital.com\/index.php?rest_route=\/wp\/v2\/types\/post"}],"author":[{"embeddable":true,"href":"https:\/\/radiocresatelital.com\/index.php?rest_route=\/wp\/v2\/users\/2"}],"replies":[{"embeddable":true,"href":"https:\/\/radiocresatelital.com\/index.php?rest_route=%2Fwp%2Fv2%2Fcomments&post=3203"}],"version-history":[{"count":1,"href":"https:\/\/radiocresatelital.com\/index.php?rest_route=\/wp\/v2\/posts\/3203\/revisions"}],"predecessor-version":[{"id":3205,"href":"https:\/\/radiocresatelital.com\/index.php?rest_route=\/wp\/v2\/posts\/3203\/revisions\/3205"}],"wp:featuredmedia":[{"embeddable":true,"href":"https:\/\/radiocresatelital.com\/index.php?rest_route=\/wp\/v2\/media\/3204"}],"wp:attachment":[{"href":"https:\/\/radiocresatelital.com\/index.php?rest_route=%2Fwp%2Fv2%2Fmedia&parent=3203"}],"wp:term":[{"taxonomy":"category","embeddable":true,"href":"https:\/\/radiocresatelital.com\/index.php?rest_route=%2Fwp%2Fv2%2Fcategories&post=3203"},{"taxonomy":"post_tag","embeddable":true,"href":"https:\/\/radiocresatelital.com\/index.php?rest_route=%2Fwp%2Fv2%2Ftags&post=3203"}],"curies":[{"name":"wp","href":"https:\/\/api.w.org\/{rel}","templated":true}]}}