{"id":32006,"date":"2025-07-15T18:11:34","date_gmt":"2025-07-15T18:11:34","guid":{"rendered":"https:\/\/radiocresatelital.com\/?p=32006"},"modified":"2025-07-15T21:13:00","modified_gmt":"2025-07-15T21:13:00","slug":"suzuki-store-cuenca-se-renueva-y-reafirma-el-crecimiento-de-la-marca-en-ecuador","status":"publish","type":"post","link":"https:\/\/radiocresatelital.com\/?p=32006","title":{"rendered":"Suzuki Store Cuenca se renueva y reafirma el crecimiento de la marca en Ecuador"},"content":{"rendered":"<p>Cuenca.- Suzuki Ecuador contin\u00faa consolidando su presencia en el pa\u00eds con la renovaci\u00f3n de su Store en Cuenca, ofreciendo a los clientes una experiencia completamente renovada en la compra de veh\u00edculos y servicio posventa. Esta remodelaci\u00f3n representa un paso m\u00e1s en la estrategia de expansi\u00f3n y fortalecimiento de la marca en el mercado ecuatoriano.<\/p>\n<p>Ubicada estrat\u00e9gicamente en la Avenida Espa\u00f1a 15-77,diagonal a la parada de tranv\u00eda Milchichig, en la principal zona automotriz de la ciudad, la renovada Suzuki Store Cuenca combina dise\u00f1o moderno, tecnolog\u00eda japonesa de punta y un servicio integral que eleva los est\u00e1ndares de atenci\u00f3n al cliente. Se trata del segundo concesionario en Ecuador bajo un redise\u00f1o que lleva la marca japonesa, que redefine la experiencia de compra y posventa con un enfoque en personalizaci\u00f3n, comodidad y eficiencia.<\/p>\n<p>Cuenca ha sido una plaza clave para Suzuki desde su llegada a la ciudad hace ya casi cuatro a\u00f1os. En este tiempo, la marca ha comercializado m\u00e1s de 1,300 veh\u00edculos, de los cuales m\u00e1s de 900 han sido modelos h\u00edbridos. Gracias a estos resultados, hoy Suzuki se posiciona dentro del top 5 de marcas m\u00e1s vendidas en Cuenca, convirti\u00e9ndola en una de las ciudades donde la marca tiene mayor fuerza y preferencia. El renovada Store no solo ofrece el portafolio completo de veh\u00edculos Suzuki, sino tambi\u00e9n un espacio de negociaci\u00f3n amplio y acogedor, una zona de entrega exclusiva y un mostrador de accesorios donde los clientes pueden personalizar sus autos a su estilo.<\/p>\n<p>En cuanto al respaldo posventa, el nuevo Suzuki Store Cuenca incorpora un taller de \u00faltima generaci\u00f3n con visibilidad directa desde el showroom, lo que permite a los clientes observar en tiempo real el trabajo que se realiza en sus veh\u00edculos, mientras disfrutan c\u00f3modamente de una bebida o caf\u00e9 en el concesionario. Este espacio est\u00e1 respaldado por un amplio stock de repuestos genuinos, t\u00e9cnicos certificados por la marca y equipamiento de punta, brindando a todos los Suzuki Lovers de Cuenca una experiencia de servicio al siguiente nivel.<\/p>\n<p>La apertura del renovada Store fue tambi\u00e9n un punto de encuentro para los fan\u00e1ticos de la marca en Cuenca, con la participaci\u00f3n de modelos cl\u00e1sicos como el Suzuki Forza, Vitara 3 Puertas y generaciones anteriores del Suzuki Jimny, en un homenaje a la trayectoria y el cari\u00f1o que los cuencanos tienen por la marca. Como muestra de la importancia de esta plaza, el evento cont\u00f3 con la presencia de directivos de Suzuki Motor Corporation de Jap\u00f3n, quienes acompa\u00f1aron la jornada y reafirmaron su compromiso con el crecimiento de Suzuki en Ecuador.<\/p>\n<p>\u201cCon esta renovaci\u00f3n, reafirmamos nuestro compromiso con el mercado ecuatoriano, ofreciendo una experiencia de compra y servicio de primer nivel, con productos de clase mundial a precios competitivos. Cuenca es una ciudad clave para nuestra expansi\u00f3n, y este renovad Suzuki Store es el inicio de una etapa de crecimiento para Suzuki en el pa\u00eds\u201d, destac\u00f3 Sebasti\u00e1n Becerra, Gerente de Marketing y Ventas de Suzuki Ecuador.<\/p>\n<p>Con un total de 11 Suzuki Stores en todo el pa\u00eds, la marca contin\u00faa apostando por la movilidad sostenible, la innovaci\u00f3n con calidad japonesa y la accesibilidad, acercando soluciones de transporte modernas, eficientes y emocionantes a m\u00e1s ecuatorianos.<\/p>\n","protected":false},"excerpt":{"rendered":"<p>Cuenca.- Suzuki Ecuador contin\u00faa consolidando su presencia en el pa\u00eds con la renovaci\u00f3n de su Store en Cuenca, ofreciendo a los clientes una experiencia completamente renovada en la compra de veh\u00edculos y servicio posventa. Esta remodelaci\u00f3n representa un paso m\u00e1s en la estrategia de expansi\u00f3n y fortalecimiento de la marca en el mercado ecuatoriano. Ubicada [&hellip;]<\/p>\n","protected":false},"author":2,"featured_media":32007,"comment_status":"open","ping_status":"closed","sticky":false,"template":"","format":"standard","meta":{"_jetpack_memberships_contains_paid_content":false,"footnotes":""},"categories":[2725],"tags":[5110],"class_list":["post-32006","post","type-post","status-publish","format-standard","has-post-thumbnail","hentry","category-automotriz","tag-suzuki-ecuador"],"jetpack_featured_media_url":"https:\/\/radiocresatelital.com\/wp-content\/uploads\/2025\/07\/WhatsApp-Image-2025-07-15-at-15.35.04.jpeg","jetpack_sharing_enabled":true,"_links":{"self":[{"href":"https:\/\/radiocresatelital.com\/index.php?rest_route=\/wp\/v2\/posts\/32006","targetHints":{"allow":["GET"]}}],"collection":[{"href":"https:\/\/radiocresatelital.com\/index.php?rest_route=\/wp\/v2\/posts"}],"about":[{"href":"https:\/\/radiocresatelital.com\/index.php?rest_route=\/wp\/v2\/types\/post"}],"author":[{"embeddable":true,"href":"https:\/\/radiocresatelital.com\/index.php?rest_route=\/wp\/v2\/users\/2"}],"replies":[{"embeddable":true,"href":"https:\/\/radiocresatelital.com\/index.php?rest_route=%2Fwp%2Fv2%2Fcomments&post=32006"}],"version-history":[{"count":1,"href":"https:\/\/radiocresatelital.com\/index.php?rest_route=\/wp\/v2\/posts\/32006\/revisions"}],"predecessor-version":[{"id":32008,"href":"https:\/\/radiocresatelital.com\/index.php?rest_route=\/wp\/v2\/posts\/32006\/revisions\/32008"}],"wp:featuredmedia":[{"embeddable":true,"href":"https:\/\/radiocresatelital.com\/index.php?rest_route=\/wp\/v2\/media\/32007"}],"wp:attachment":[{"href":"https:\/\/radiocresatelital.com\/index.php?rest_route=%2Fwp%2Fv2%2Fmedia&parent=32006"}],"wp:term":[{"taxonomy":"category","embeddable":true,"href":"https:\/\/radiocresatelital.com\/index.php?rest_route=%2Fwp%2Fv2%2Fcategories&post=32006"},{"taxonomy":"post_tag","embeddable":true,"href":"https:\/\/radiocresatelital.com\/index.php?rest_route=%2Fwp%2Fv2%2Ftags&post=32006"}],"curies":[{"name":"wp","href":"https:\/\/api.w.org\/{rel}","templated":true}]}}