{"id":3200,"date":"2023-08-25T20:24:37","date_gmt":"2023-08-25T20:24:37","guid":{"rendered":"https:\/\/radiocresatelital.com\/?p=3200"},"modified":"2023-08-25T20:24:37","modified_gmt":"2023-08-25T20:24:37","slug":"intervenciones-en-los-centros-de-privacion-de-libertad-son-permanentes","status":"publish","type":"post","link":"https:\/\/radiocresatelital.com\/?p=3200","title":{"rendered":"Intervenciones en los centros de privaci\u00f3n de Libertad son permanentes"},"content":{"rendered":"<p>Guayaquil.- Las labores de las Fuerzas Armadas y de la Polic\u00eda Nacional se mantienen, en cumplimiento al Decreto Ejecutivo N\u00b0 823. Durante la madrugada de este 25 de agosto de 2023, alrededor de 1.700 uniformados de las Fuerzas Armadas (FF.AA.) y de la Polic\u00eda Nacional intervinieron nuevamente el Centro de Privaci\u00f3n de Libertad (CPL) N\u00b0 1 de Guayas (Penitenciar\u00eda).<\/p>\n<p>En esta ocasi\u00f3n, el operativo se despleg\u00f3 en los pabellones 1 y 4, en donde se decomis\u00f3:<\/p>\n<p>\uf0b7 1 arma de fuego<br \/>\n\uf0b7 8 granadas<br \/>\n\uf0b7 1114 municiones<br \/>\n\uf0b7 100 celulares<br \/>\n\uf0b7 1620 gramos de droga.<\/p>\n<p>Hasta el momento, se han desarrollado un total de cinco intervenciones en todo el complejo penitenciario del Guayas: CPL N\u00b01 (Penitenciar\u00eda del Litoral), CPL N\u00b0 2 (Femenino), CPL N\u00b0 3 (La Roca) y en el CPL N\u00b05 (antiguo Centro de Detenci\u00f3n Provisional). Los resultados de estos operativos son:<\/p>\n<p>\uf0b7 16 fusiles<br \/>\n\uf0b7 3 carabinas<br \/>\n\uf0b7 1 lanzagranadas<br \/>\n\uf0b7 26.486 municiones<br \/>\n\uf0b7 63 alimentadoras<br \/>\n\uf0b7 5 explosivos<br \/>\n\uf0b7 25 granadas de mano<br \/>\n\uf0b7 38.276 gramos de droga<br \/>\n\uf0b7 680 celulares<br \/>\n\uf0b7 34 equipos de comunicaci\u00f3n<br \/>\n\uf0b7 8.787 d\u00f3lares<\/p>\n<p>Tanto la Polic\u00eda Nacional como las Fuerzas Armadas utilizan los medios log\u00edsticos respectivos para el control interno y externo de los centros penitenciarios. De esta manera, reafirman su compromiso de proteger a la ciudadan\u00eda y luchar de manera frontal contra el crimen organizado<\/p>\n","protected":false},"excerpt":{"rendered":"<p>Guayaquil.- Las labores de las Fuerzas Armadas y de la Polic\u00eda Nacional se mantienen, en cumplimiento al Decreto Ejecutivo N\u00b0 823. Durante la madrugada de este 25 de agosto de 2023, alrededor de 1.700 uniformados de las Fuerzas Armadas (FF.AA.) y de la Polic\u00eda Nacional intervinieron nuevamente el Centro de Privaci\u00f3n de Libertad (CPL) N\u00b0 [&hellip;]<\/p>\n","protected":false},"author":2,"featured_media":3201,"comment_status":"open","ping_status":"closed","sticky":false,"template":"","format":"standard","meta":{"_jetpack_memberships_contains_paid_content":false,"footnotes":""},"categories":[13],"tags":[632],"class_list":["post-3200","post","type-post","status-publish","format-standard","has-post-thumbnail","hentry","category-noticias-nacionales","tag-intervenciones-carceles"],"jetpack_featured_media_url":"https:\/\/radiocresatelital.com\/wp-content\/uploads\/2023\/08\/Penitenciaria.jpg","jetpack_sharing_enabled":true,"_links":{"self":[{"href":"https:\/\/radiocresatelital.com\/index.php?rest_route=\/wp\/v2\/posts\/3200","targetHints":{"allow":["GET"]}}],"collection":[{"href":"https:\/\/radiocresatelital.com\/index.php?rest_route=\/wp\/v2\/posts"}],"about":[{"href":"https:\/\/radiocresatelital.com\/index.php?rest_route=\/wp\/v2\/types\/post"}],"author":[{"embeddable":true,"href":"https:\/\/radiocresatelital.com\/index.php?rest_route=\/wp\/v2\/users\/2"}],"replies":[{"embeddable":true,"href":"https:\/\/radiocresatelital.com\/index.php?rest_route=%2Fwp%2Fv2%2Fcomments&post=3200"}],"version-history":[{"count":1,"href":"https:\/\/radiocresatelital.com\/index.php?rest_route=\/wp\/v2\/posts\/3200\/revisions"}],"predecessor-version":[{"id":3202,"href":"https:\/\/radiocresatelital.com\/index.php?rest_route=\/wp\/v2\/posts\/3200\/revisions\/3202"}],"wp:featuredmedia":[{"embeddable":true,"href":"https:\/\/radiocresatelital.com\/index.php?rest_route=\/wp\/v2\/media\/3201"}],"wp:attachment":[{"href":"https:\/\/radiocresatelital.com\/index.php?rest_route=%2Fwp%2Fv2%2Fmedia&parent=3200"}],"wp:term":[{"taxonomy":"category","embeddable":true,"href":"https:\/\/radiocresatelital.com\/index.php?rest_route=%2Fwp%2Fv2%2Fcategories&post=3200"},{"taxonomy":"post_tag","embeddable":true,"href":"https:\/\/radiocresatelital.com\/index.php?rest_route=%2Fwp%2Fv2%2Ftags&post=3200"}],"curies":[{"name":"wp","href":"https:\/\/api.w.org\/{rel}","templated":true}]}}