{"id":31965,"date":"2025-07-14T22:50:10","date_gmt":"2025-07-14T22:50:10","guid":{"rendered":"https:\/\/radiocresatelital.com\/?p=31965"},"modified":"2025-07-14T22:50:10","modified_gmt":"2025-07-14T22:50:10","slug":"estoy-muy-feliz-de-ser-el-hijo-de-carlo-estoy-muy-orgulloso-pero-ahora-comienza-mi-historia-davide-amcelotti","status":"publish","type":"post","link":"https:\/\/radiocresatelital.com\/?p=31965","title":{"rendered":"Estoy muy feliz de ser el hijo de Carlo, estoy muy orgulloso. Pero ahora comienza mi historia, Davide Amcelotti"},"content":{"rendered":"<p>R\u00edo de Janeiro.- Botafogo, quien actualmente es el Campe\u00f3n de la Copa Libertadores ha presentado a su nuevo t\u00e9cnico, Davide Ancelotti, manifestando que \u00abahora comienza su historia\u00bb dirigiendo al club brasile\u00f1o, tras haber acompa\u00f1ado a su Padre como asistente t\u00e9cnico.<\/p>\n<p>\u00abEstoy muy feliz de ser el hijo de Carlo, estoy muy orgulloso. Pero ahora comienza mi historia. S\u00e9 que tengo que demostrar resultados y trabajar duro. Y eso voy a hacer. Yo estoy aqu\u00ed por mi trabajo\u00bb, dijo en un perfecto portugu\u00e9s Davide, que ha acompa\u00f1ado a su padre en el cuerpo t\u00e9cnico de clubes como N\u00e1poles, Everton, Bayern de M\u00fanich y Real Madrid.<\/p>\n<p>Hijo del seleccionador de Brasil y exentrenador del Real Madrid Carlo Ancelotti, el entrenador asume el club carioca hasta diciembre de 2026, con un contrato que le permite mantener parcialmente su puesto como auxiliar en la selecci\u00f3n brasile\u00f1a, que asumi\u00f3 hace un mes.<\/p>\n<p>Consultado sobre c\u00f3mo dividir\u00e1 su trabajo, Davide, de 35 a\u00f1os, resalt\u00f3 que \u00absu compromiso\u00bb, as\u00ed como \u00absu dedicaci\u00f3n y su plena entrega\u00bb estar\u00e1n dirigidos al Botafogo, y que \u00abno est\u00e1 pensando en otra cosa\u00bb.<\/p>\n<p>\u00abEstoy 100 % con el Botafogo\u00bb, expres\u00f3, y destac\u00f3 que el equipo carioca \u00abes el mejor lugar\u00bb para iniciar su carrera al mando de un equipo.<\/p>\n<p><img decoding=\"async\" src=\"https:\/\/i0.wp.com\/efe.com\/wp-content\/uploads\/2025\/07\/AME2865-BRASIL-FUTBOL.webp?fit=900%2C601&amp;ssl=1\" alt=\"El entrenador Davide Ancelotti (d), posa junto al presidente de Botafogo, John Textor, durante su presentaci\u00f3n como nuevo t\u00e9cnico del equipo brasile\u00f1o este lunes, en el estadio Nilton Santos, en R\u00edo de Janeiro (Brasil). EFE\/ Antonio Lacerda\" \/>Aunque aclar\u00f3 que, a pesar de ser un entrenador \u00abjoven\u00bb, lleva \u00abmuchos a\u00f1os trabajando en el f\u00fatbol\u00bb.<\/p>\n<p>\u00abSer joven tiene sus aspectos positivos. Puedo cometer errores, voy a cometer errores, tengo que cometer errores para crecer, pero estamos en un ambiente donde todos estamos creciendo. Como entrenador quiero crecer al lado de Botafogo\u00bb, respondi\u00f3.<\/p>\n<p>El flamante entrenador del Botafogo, anunciado la semana pasada tras la dimisi\u00f3n de Renato Paiva, se estren\u00f3 el pasado s\u00e1bado con una victoria frente al Vasco da Gama en la decimotercera jornada de la liga brasile\u00f1a.<\/p>\n<p>Debido a un retraso en los papeles para su inscripci\u00f3n, asisti\u00f3 al partido como auxiliar, no como entrenador.<\/p>\n<p>Tras cuatro victorias en los \u00faltimos cinco partidos, Botafogo ocupa la sexta posici\u00f3n de la tabla con 21 puntos.<\/p>\n<p>En un mes, el equipo de R\u00edo de Janeiro recibir\u00e1 a la Liga Deportiva Universitaria de Quito por los octavos de final de la Copa Libertadores.<\/p>\n","protected":false},"excerpt":{"rendered":"<p>R\u00edo de Janeiro.- Botafogo, quien actualmente es el Campe\u00f3n de la Copa Libertadores ha presentado a su nuevo t\u00e9cnico, Davide Ancelotti, manifestando que \u00abahora comienza su historia\u00bb dirigiendo al club brasile\u00f1o, tras haber acompa\u00f1ado a su Padre como asistente t\u00e9cnico. \u00abEstoy muy feliz de ser el hijo de Carlo, estoy muy orgulloso. Pero ahora comienza [&hellip;]<\/p>\n","protected":false},"author":2,"featured_media":31966,"comment_status":"open","ping_status":"closed","sticky":false,"template":"","format":"standard","meta":{"_jetpack_memberships_contains_paid_content":false,"footnotes":""},"categories":[7],"tags":[2161,5101],"class_list":["post-31965","post","type-post","status-publish","format-standard","has-post-thumbnail","hentry","category-futbol-internacional","tag-botafogo","tag-davide-ancelotti"],"jetpack_featured_media_url":"https:\/\/radiocresatelital.com\/wp-content\/uploads\/2025\/07\/e0988a46f5fd7d5d861a68ae9a08970ab62a7748w.webp","jetpack_sharing_enabled":true,"_links":{"self":[{"href":"https:\/\/radiocresatelital.com\/index.php?rest_route=\/wp\/v2\/posts\/31965","targetHints":{"allow":["GET"]}}],"collection":[{"href":"https:\/\/radiocresatelital.com\/index.php?rest_route=\/wp\/v2\/posts"}],"about":[{"href":"https:\/\/radiocresatelital.com\/index.php?rest_route=\/wp\/v2\/types\/post"}],"author":[{"embeddable":true,"href":"https:\/\/radiocresatelital.com\/index.php?rest_route=\/wp\/v2\/users\/2"}],"replies":[{"embeddable":true,"href":"https:\/\/radiocresatelital.com\/index.php?rest_route=%2Fwp%2Fv2%2Fcomments&post=31965"}],"version-history":[{"count":1,"href":"https:\/\/radiocresatelital.com\/index.php?rest_route=\/wp\/v2\/posts\/31965\/revisions"}],"predecessor-version":[{"id":31967,"href":"https:\/\/radiocresatelital.com\/index.php?rest_route=\/wp\/v2\/posts\/31965\/revisions\/31967"}],"wp:featuredmedia":[{"embeddable":true,"href":"https:\/\/radiocresatelital.com\/index.php?rest_route=\/wp\/v2\/media\/31966"}],"wp:attachment":[{"href":"https:\/\/radiocresatelital.com\/index.php?rest_route=%2Fwp%2Fv2%2Fmedia&parent=31965"}],"wp:term":[{"taxonomy":"category","embeddable":true,"href":"https:\/\/radiocresatelital.com\/index.php?rest_route=%2Fwp%2Fv2%2Fcategories&post=31965"},{"taxonomy":"post_tag","embeddable":true,"href":"https:\/\/radiocresatelital.com\/index.php?rest_route=%2Fwp%2Fv2%2Ftags&post=31965"}],"curies":[{"name":"wp","href":"https:\/\/api.w.org\/{rel}","templated":true}]}}