{"id":31904,"date":"2025-07-14T19:25:26","date_gmt":"2025-07-14T19:25:26","guid":{"rendered":"https:\/\/radiocresatelital.com\/?p=31904"},"modified":"2025-07-14T19:26:08","modified_gmt":"2025-07-14T19:26:08","slug":"once-paradas-de-la-ecovia-seran-repotenciadas-para-brindar-un-mejor-servicio","status":"publish","type":"post","link":"https:\/\/radiocresatelital.com\/?p=31904","title":{"rendered":"Once paradas de la Ecov\u00eda ser\u00e1n repotenciadas para brindar un mejor servicio"},"content":{"rendered":"<p>Quito.- La Alcald\u00eda de Quito, a trav\u00e9s de la Empresa de Pasajeros, contin\u00faa con la repotenciaci\u00f3n de paradas, para brindar un mejor servicio a los usuarios del transporte p\u00fablico metropolitano.<\/p>\n<p>Esta semana se completan 45 paradas readecuadas del sistema Troleb\u00fas y comienza el turno de la Ecov\u00eda con un proyecto que contempla la repotenciaci\u00f3n de 11 paradas, con una inversi\u00f3n de casi 715 mil d\u00f3lares y que se sumar\u00e1n a las 23 que ya han sido mejoradas, con una inversi\u00f3n de 1,4 millones de d\u00f3lares.<\/p>\n<p>Con ello, la Ecov\u00eda completar\u00e1 34 de sus 35 paradas, mientras que la parada Eloy Alfaro, ser\u00eda la \u00faltima en repotenciarse a la espera de que se cumpla un acuerdo con una empresa constructora que se comprometi\u00f3 al arreglo de ese and\u00e9n.<\/p>\n<p><img decoding=\"async\" src=\"https:\/\/www.quitoinforma.gob.ec\/wp-content\/uploads\/2021\/03\/ee4ff99f-676a-4900-b985-3addaeea4d6b.jpg\" alt=\"Paradas de la Ecov\u00eda reciben mantenimiento y pintura \u2013 Quito Informa\" \/><\/p>\n<p>Las pr\u00f3ximas paradas que estar\u00e1n papelito para atender a los cerca de 180 mil pasajeros que viajan diariamente en Ecov\u00eda son: La Breta\u00f1a, San Jos\u00e9 de Guaman\u00ed &#8211; Caupicho, Sim\u00f3n Bol\u00edvar, Teatro M\u00e9xico, Guayanay \u00d1an, El Beaterio Nueva Aurora II, Santo Tom\u00e1s, Eplicachima, Otoya, Puente de Guajal\u00f3 y El Comercio. Los trabajos se efectuar\u00e1n en cinco grupos, del 15 de julio al 23 de septiembre de este a\u00f1o.<\/p>\n<p>El grupo 1 corresponde a tres paradas del sur de la ciudad: La Breta\u00f1a, San Jos\u00e9 de Guaman\u00ed &#8211; Caupicho y Guayanay \u00d1an, que entrar\u00e1n en readecuaci\u00f3n desde este martes hasta el 27 de julio.<\/p>\n<p>El alcalde Pabel Mu\u00f1oz impulsa la readecuaci\u00f3n de las paradas del Trole y Ecov\u00eda, para brindar espacios dignos, seguros y eficientes, en el marco de su compromiso de modernizar de forma integral el transporte p\u00fablico metropolitano.<\/p>\n","protected":false},"excerpt":{"rendered":"<p>Quito.- La Alcald\u00eda de Quito, a trav\u00e9s de la Empresa de Pasajeros, contin\u00faa con la repotenciaci\u00f3n de paradas, para brindar un mejor servicio a los usuarios del transporte p\u00fablico metropolitano. Esta semana se completan 45 paradas readecuadas del sistema Troleb\u00fas y comienza el turno de la Ecov\u00eda con un proyecto que contempla la repotenciaci\u00f3n de [&hellip;]<\/p>\n","protected":false},"author":2,"featured_media":31905,"comment_status":"open","ping_status":"closed","sticky":false,"template":"","format":"standard","meta":{"_jetpack_memberships_contains_paid_content":false,"footnotes":""},"categories":[13],"tags":[576,4138],"class_list":["post-31904","post","type-post","status-publish","format-standard","has-post-thumbnail","hentry","category-noticias-nacionales","tag-alcaldia-de-quito","tag-empresa-de-pasajeros"],"jetpack_featured_media_url":"https:\/\/radiocresatelital.com\/wp-content\/uploads\/2025\/07\/WhatsApp-Image-2025-07-14-at-13.53.29.jpeg","jetpack_sharing_enabled":true,"_links":{"self":[{"href":"https:\/\/radiocresatelital.com\/index.php?rest_route=\/wp\/v2\/posts\/31904","targetHints":{"allow":["GET"]}}],"collection":[{"href":"https:\/\/radiocresatelital.com\/index.php?rest_route=\/wp\/v2\/posts"}],"about":[{"href":"https:\/\/radiocresatelital.com\/index.php?rest_route=\/wp\/v2\/types\/post"}],"author":[{"embeddable":true,"href":"https:\/\/radiocresatelital.com\/index.php?rest_route=\/wp\/v2\/users\/2"}],"replies":[{"embeddable":true,"href":"https:\/\/radiocresatelital.com\/index.php?rest_route=%2Fwp%2Fv2%2Fcomments&post=31904"}],"version-history":[{"count":2,"href":"https:\/\/radiocresatelital.com\/index.php?rest_route=\/wp\/v2\/posts\/31904\/revisions"}],"predecessor-version":[{"id":31907,"href":"https:\/\/radiocresatelital.com\/index.php?rest_route=\/wp\/v2\/posts\/31904\/revisions\/31907"}],"wp:featuredmedia":[{"embeddable":true,"href":"https:\/\/radiocresatelital.com\/index.php?rest_route=\/wp\/v2\/media\/31905"}],"wp:attachment":[{"href":"https:\/\/radiocresatelital.com\/index.php?rest_route=%2Fwp%2Fv2%2Fmedia&parent=31904"}],"wp:term":[{"taxonomy":"category","embeddable":true,"href":"https:\/\/radiocresatelital.com\/index.php?rest_route=%2Fwp%2Fv2%2Fcategories&post=31904"},{"taxonomy":"post_tag","embeddable":true,"href":"https:\/\/radiocresatelital.com\/index.php?rest_route=%2Fwp%2Fv2%2Ftags&post=31904"}],"curies":[{"name":"wp","href":"https:\/\/api.w.org\/{rel}","templated":true}]}}