{"id":319,"date":"2023-06-24T19:36:41","date_gmt":"2023-06-24T19:36:41","guid":{"rendered":"https:\/\/radiocresatelital.com\/?p=319"},"modified":"2023-06-24T19:36:41","modified_gmt":"2023-06-24T19:36:41","slug":"regresa-segunda-edicion-de-chokao-2023","status":"publish","type":"post","link":"https:\/\/radiocresatelital.com\/?p=319","title":{"rendered":"Regresa Segunda Edici\u00f3n de Chokao 2023"},"content":{"rendered":"<p>Guayaquil.- ANECACAO se enorgullece en presentar la esperada edici\u00f3n de la Feria CHOKAO 2023, el evento m\u00e1s destacado del sector del cacao y chocolate a nivel nacional. Conocida por su \u00e9xito en el a\u00f1o anterior, CHOKAO regresa para ofrecer una experiencia \u00fanica que resalta la integraci\u00f3n y representaci\u00f3n de todo el sector cacaotero.<\/p>\n<p>En CHOKAO 2023, Ecuador reafirma su posici\u00f3n como el tercer pa\u00eds productor y exportador mundial de cacao y como epicentro productor. La feria se centrar\u00e1 en reconocer la importancia y participaci\u00f3n de los productores, quienes son el eslab\u00f3n m\u00e1s valioso de la cadena cacaotera.<\/p>\n<p>El evento tendr\u00e1 lugar en el Hotel Hilton Col\u00f3n de Guayaquil los d\u00edas 18, 19 y 20 de julio de 09H00 a 21H00. Durante estos tres d\u00edas, CHOKAO ofrecer\u00e1 un espacio propicio para establecer alianzas estrat\u00e9gicas, generar negocios y brindar conferencias a cargo de reconocidos expertos del sector cacaotero.<\/p>\n<p>1. Feria Comercial: M\u00e1s marcas y mayores oportunidades de negocio<\/p>\n<p>En comparaci\u00f3n con el a\u00f1o pasado, donde participaron 60 marcas destacadas, CHOKAO 2023 contar\u00e1 con la participaci\u00f3n de m\u00e1s de 90 marcas, lo que demuestra el creciente inter\u00e9s y reconocimiento del evento en la industria. La feria comercial se presenta como una excelente oportunidad para establecer contactos, explorar nuevas colaboraciones y concretar acuerdos comerciales. Se espera que las dos ruedas de negocios programadas generen transacciones estimadas en alrededor de 3.000.000 de d\u00f3lares.<\/p>\n<p>2. Congreso Gastron\u00f3mico: Un deleite para los amantes del chocolate<\/p>\n<p>No solo se trata de negocios, CHOKAO 2023 tambi\u00e9n deleitar\u00e1 a los visitantes con su extraordinario Congreso Gastron\u00f3mico. Doce renombrados chefs nacionales e internacionales mostrar\u00e1n su talento en la creaci\u00f3n de exquisitos platos elaborados exclusivamente con cacao y sus derivados. \u00a1Ser\u00e1 un fest\u00edn para los sentidos y una verdadera muestra de la versatilidad del cacao en la gastronom\u00eda!<\/p>\n<p>ANECACAO invita a todos los amantes del cacao y el chocolate, as\u00ed como a los profesionales del sector, a unirse a esta experiencia \u00fanica en la Feria CHOKAO 2023.<\/p>\n<p>3. Historia y tendencias del cacao en CHOKAO 2023<\/p>\n<p>CHOKAO 2023 invita a descubrir la apasionante historia y las \u00faltimas tendencias del cacao con seminarios, exposiciones fotogr\u00e1ficas, el Chocofest y una visita t\u00e9cnica a una planta procesadora, esta feria ofrece una experiencia \u00fanica para explorar el fascinante mundo del cacao. En CHOKAO 2023 se vivir\u00e1 la magia del cacao en toda su esencia.<\/p>\n<p>Solicitamos su colaboraci\u00f3n para coordinar una entrevista junto a la Ing. Merlyn Casanova (Directora Ejecutiva de ANECACAO), quien podr\u00e1 ampliar y dar m\u00e1s detalles de este evento y el impacto que proyectan lograr con su desarrollo.<\/p>\n","protected":false},"excerpt":{"rendered":"<p>Guayaquil.- ANECACAO se enorgullece en presentar la esperada edici\u00f3n de la Feria CHOKAO 2023, el evento m\u00e1s destacado del sector del cacao y chocolate a nivel nacional. Conocida por su \u00e9xito en el a\u00f1o anterior, CHOKAO regresa para ofrecer una experiencia \u00fanica que resalta la integraci\u00f3n y representaci\u00f3n de todo el sector cacaotero. En CHOKAO [&hellip;]<\/p>\n","protected":false},"author":2,"featured_media":321,"comment_status":"open","ping_status":"closed","sticky":false,"template":"","format":"standard","meta":{"_jetpack_memberships_contains_paid_content":false,"footnotes":""},"categories":[13],"tags":[82],"class_list":["post-319","post","type-post","status-publish","format-standard","has-post-thumbnail","hentry","category-noticias-nacionales","tag-anecacao"],"jetpack_featured_media_url":"https:\/\/radiocresatelital.com\/wp-content\/uploads\/2023\/06\/thumbnail_20220712_113133.jpg","jetpack_sharing_enabled":true,"_links":{"self":[{"href":"https:\/\/radiocresatelital.com\/index.php?rest_route=\/wp\/v2\/posts\/319","targetHints":{"allow":["GET"]}}],"collection":[{"href":"https:\/\/radiocresatelital.com\/index.php?rest_route=\/wp\/v2\/posts"}],"about":[{"href":"https:\/\/radiocresatelital.com\/index.php?rest_route=\/wp\/v2\/types\/post"}],"author":[{"embeddable":true,"href":"https:\/\/radiocresatelital.com\/index.php?rest_route=\/wp\/v2\/users\/2"}],"replies":[{"embeddable":true,"href":"https:\/\/radiocresatelital.com\/index.php?rest_route=%2Fwp%2Fv2%2Fcomments&post=319"}],"version-history":[{"count":1,"href":"https:\/\/radiocresatelital.com\/index.php?rest_route=\/wp\/v2\/posts\/319\/revisions"}],"predecessor-version":[{"id":322,"href":"https:\/\/radiocresatelital.com\/index.php?rest_route=\/wp\/v2\/posts\/319\/revisions\/322"}],"wp:featuredmedia":[{"embeddable":true,"href":"https:\/\/radiocresatelital.com\/index.php?rest_route=\/wp\/v2\/media\/321"}],"wp:attachment":[{"href":"https:\/\/radiocresatelital.com\/index.php?rest_route=%2Fwp%2Fv2%2Fmedia&parent=319"}],"wp:term":[{"taxonomy":"category","embeddable":true,"href":"https:\/\/radiocresatelital.com\/index.php?rest_route=%2Fwp%2Fv2%2Fcategories&post=319"},{"taxonomy":"post_tag","embeddable":true,"href":"https:\/\/radiocresatelital.com\/index.php?rest_route=%2Fwp%2Fv2%2Ftags&post=319"}],"curies":[{"name":"wp","href":"https:\/\/api.w.org\/{rel}","templated":true}]}}