{"id":31888,"date":"2025-07-14T02:14:06","date_gmt":"2025-07-14T02:14:06","guid":{"rendered":"https:\/\/radiocresatelital.com\/?p=31888"},"modified":"2025-07-14T02:14:06","modified_gmt":"2025-07-14T02:14:06","slug":"los-juegos-nacionales-del-ciclo-juvenil-manabi-2025-en-la-recta-final","status":"publish","type":"post","link":"https:\/\/radiocresatelital.com\/?p=31888","title":{"rendered":"Los Juegos Nacionales del ciclo Juvenil Manab\u00ed 2025 en la recta final"},"content":{"rendered":"<p>Portoviejo.- Este domingo se desarroll\u00f3 el d\u00e9cimo sexto d\u00eda de competencias, en el marco de los I Juegos Nacionales Manab\u00ed 2025, con el inicio del baloncesto 5&#215;5 y el cierre de las competencias de tenis de mesa, ajedrez y ecuavoley (exhibici\u00f3n).<\/p>\n<p>Nuestra provincia contin\u00faa en el quinto lugar a nivel general, al cosechar 17 medallas de oro, 16 de plata y 21 de bronce. Pichincha retom\u00f3 el liderato, al sumar 61 preseas doradas, 52 de plata y 45 de bronce, mientras que Guayas es segunda con 61 de oro, 44 de plata y 50 de bronce.<\/p>\n<p>En el ajedrez, el manabita Luiggi Cevallos se colg\u00f3 la medalla de oro (tablero 5), Mike Castro, conquist\u00f3 la medalla de plata (tablero 4) y Ashley Toala se qued\u00f3 con la medalla de bronce (tablero 2). En la clasificaci\u00f3n final, el equipo femenino fue sexto; mientras que el equipo mixto fue cuarto y el de varones obtuvo el quinto lugar.<\/p>\n<p>La labor t\u00e9cnica de Manab\u00ed estuvo a cargo de los entrenadores Carlomagno Oblitas y Adriana Mac\u00edas, cuyo aporte fue fundamental en la preparaci\u00f3n de los tableristas.<\/p>\n<p>En el cierre del tenis de mesa, Manab\u00ed obtuvo la medalla de oro en la modalidad dobles damas, a trav\u00e9s de Maybelline Men\u00e9ndez y Diana Espinales. La medalla de plata fue para Guayas, en tanto que el bronce fue para Azuay y Pichincha.<\/p>\n<p><strong>Debut para el olvido<\/strong><br \/>\nEste domingo, las selecciones damas y varones de baloncesto 5 x 5 de Manab\u00ed, sufrieron un rev\u00e9s en su debut.<\/p>\n<p>Las f\u00e9minas iniciaron la competencia en el complejo Tohalli de Manta ante Los R\u00edos y cayeron por el marcador de 43 \u2013 63. Por su parte, el seleccionado varonil se midi\u00f3 a Santa Elena y perdi\u00f3 52 \u2013 57 en el coliseo Jos\u00e9 Saltos de Portoviejo.<\/p>\n<p>Este lunes, desde las 16h00, las damas buscar\u00e1n su primera victoria ante el seleccionado de Napo, en tanto que el seleccionado masculino de Manab\u00ed se enfrentar\u00e1 a Orellana desde las 15h00.<\/p>\n<p>En el cierre de la jornada dominical, se disput\u00f3 la \u00faltima jornada del ecuavoley damas y varones en las canchas de tenis de campo del complejo California.<\/p>\n<p>Manab\u00ed en damas se colg\u00f3 la medalla de plata, mientras que los varones ocuparon el cuarto lugar del certamen. Cabe mencionar que las preseas de esta disciplina no suman al medallero de los Juegos Nacionales del ciclo Juvenil, ya que se desarroll\u00f3 como exhibici\u00f3n, a fin de que los asistentes conozcan un poco m\u00e1s de este deporte.<\/p>\n<p><strong>Inician escalada y voleibol sala<\/strong><br \/>\nEste lunes, a partir de las 09h00, en el coliseo de voleibol sala del complejo California, se inician los encuentros en esta disciplina, con la participaci\u00f3n de 84 damas y 84 varones de 7 provincias del pa\u00eds.<\/p>\n<p>Por su parte, el muro de escalada del complejo California acoger\u00e1 luego de 9 a\u00f1os una competencia oficial, toda vez que fue reacondicionada su estructura tras el terremoto que sufri\u00f3 Manab\u00ed el 16 de abril de 2016. De las competencias que inician a las 09h00, ser\u00e1n part\u00edcipes 14 damas y 21 varones de 7 provincias del pa\u00eds.<\/p>\n<p>Los Juegos Nacionales del ciclo Juvenil Manab\u00ed 2025, se desarrollar\u00e1n hasta el viernes 18 de julio. El Ministerio del Deporte invirti\u00f3 la cantidad de $ 796.000 para su ejecuaci\u00f3n.<\/p>\n","protected":false},"excerpt":{"rendered":"<p>Portoviejo.- Este domingo se desarroll\u00f3 el d\u00e9cimo sexto d\u00eda de competencias, en el marco de los I Juegos Nacionales Manab\u00ed 2025, con el inicio del baloncesto 5&#215;5 y el cierre de las competencias de tenis de mesa, ajedrez y ecuavoley (exhibici\u00f3n). Nuestra provincia contin\u00faa en el quinto lugar a nivel general, al cosechar 17 medallas [&hellip;]<\/p>\n","protected":false},"author":2,"featured_media":31889,"comment_status":"open","ping_status":"closed","sticky":false,"template":"","format":"standard","meta":{"_jetpack_memberships_contains_paid_content":false,"footnotes":""},"categories":[9],"tags":[5088],"class_list":["post-31888","post","type-post","status-publish","format-standard","has-post-thumbnail","hentry","category-deportes","tag-i-juegos-nacionales-manabi-2025"],"jetpack_featured_media_url":"https:\/\/radiocresatelital.com\/wp-content\/uploads\/2025\/07\/WhatsApp-Image-2025-07-13-at-21.10.00.jpeg","jetpack_sharing_enabled":true,"_links":{"self":[{"href":"https:\/\/radiocresatelital.com\/index.php?rest_route=\/wp\/v2\/posts\/31888","targetHints":{"allow":["GET"]}}],"collection":[{"href":"https:\/\/radiocresatelital.com\/index.php?rest_route=\/wp\/v2\/posts"}],"about":[{"href":"https:\/\/radiocresatelital.com\/index.php?rest_route=\/wp\/v2\/types\/post"}],"author":[{"embeddable":true,"href":"https:\/\/radiocresatelital.com\/index.php?rest_route=\/wp\/v2\/users\/2"}],"replies":[{"embeddable":true,"href":"https:\/\/radiocresatelital.com\/index.php?rest_route=%2Fwp%2Fv2%2Fcomments&post=31888"}],"version-history":[{"count":1,"href":"https:\/\/radiocresatelital.com\/index.php?rest_route=\/wp\/v2\/posts\/31888\/revisions"}],"predecessor-version":[{"id":31890,"href":"https:\/\/radiocresatelital.com\/index.php?rest_route=\/wp\/v2\/posts\/31888\/revisions\/31890"}],"wp:featuredmedia":[{"embeddable":true,"href":"https:\/\/radiocresatelital.com\/index.php?rest_route=\/wp\/v2\/media\/31889"}],"wp:attachment":[{"href":"https:\/\/radiocresatelital.com\/index.php?rest_route=%2Fwp%2Fv2%2Fmedia&parent=31888"}],"wp:term":[{"taxonomy":"category","embeddable":true,"href":"https:\/\/radiocresatelital.com\/index.php?rest_route=%2Fwp%2Fv2%2Fcategories&post=31888"},{"taxonomy":"post_tag","embeddable":true,"href":"https:\/\/radiocresatelital.com\/index.php?rest_route=%2Fwp%2Fv2%2Ftags&post=31888"}],"curies":[{"name":"wp","href":"https:\/\/api.w.org\/{rel}","templated":true}]}}