{"id":31862,"date":"2025-07-14T00:41:44","date_gmt":"2025-07-14T00:41:44","guid":{"rendered":"https:\/\/radiocresatelital.com\/?p=31862"},"modified":"2025-07-14T00:41:44","modified_gmt":"2025-07-14T00:41:44","slug":"garcia-cornejo-y-orellana-los-mejores-en-iv-nacional-g3-de-guayaquil","status":"publish","type":"post","link":"https:\/\/radiocresatelital.com\/?p=31862","title":{"rendered":"Garc\u00eda, Cornejo y Orellana, los mejores en IV Nacional G3 de Guayaquil"},"content":{"rendered":"<p>Guayaquil.- Los tenistas guayasenses Jaime Garc\u00eda, Luciana Cornejo y Samir Orellana se coronaron campeones del IV Torneo Nacional Grado 3, categor\u00edas 14 y 18 a\u00f1os (damas y varones) que se desarroll\u00f3 del 6 al 13 de julio en el Centro Nacional de la Federaci\u00f3n Ecuatoriana de Tenis (Lomas de Urdesa).<\/p>\n<p>En la final de singles 14 a\u00f1os varones, Jaime Garc\u00eda venci\u00f3 en dos sets 6-4, 6-1 al guayasense Roke Pinargote. En damas, Luciana Cornejo gan\u00f3 a Karla Moncada (Guayas) 6-4, 6-3.<\/p>\n<p>Samir Orellana, en la final de singles 18 a\u00f1os damas, derrot\u00f3 6-3, 6-1 al guayasense Nicol\u00e1s Ch\u00e1vez (Guayas).<\/p>\n<p>Campeones de dobles<br \/>\nEsta \u00faltima jornada se cerr\u00f3 con las finales de dobles. En 14 a\u00f1os varones, los hermanos Gast\u00f3n Bigan y Leonardo Bigan, de Guayas, ganaron 6-2, 6-3, a los locales Jaime Garc\u00eda y Est\u00e9fano Soriano.<\/p>\n<p>En dobles damas 14 a\u00f1os, Anal\u00eda Mera y Mar\u00eda Ponce se alzaron con el t\u00edtulo tras ganar en la final a las guayasenses Victoria Chan y Luciana Cornejo 4-6, 6-3, (10-7).<\/p>\n<p>En dobles 18 a\u00f1os varones, Said D\u00edaz y Sebasti\u00e1n Lilliegren doblegaron 7-6(4), 6-4 a Freddy Ferr\u00edn y Favio Rold\u00e1n, de Guayas.<\/p>\n<p>El presidente de la FET, Patricio Galarza Maldonado, premi\u00f3 a todos los finalistas y les deseo \u00e9xito en los siguientes torneos del Circuito Ecuatoriano de Tenis.<\/p>\n<p>El V Torneo Nacional Grado 3, de 12 y 16 a\u00f1os, est\u00e1 programado para jugarse en la semana del 29 de septiembre en el Umi\u00f1a Tenis Club (Manta) y Buena Vista (Quito), mientras que las categor\u00edas 14 y 18 a\u00f1os la semana del 6 de octubre en el Umi\u00f1a Tenis Club y el Club Tungurahua.<\/p>\n","protected":false},"excerpt":{"rendered":"<p>Guayaquil.- Los tenistas guayasenses Jaime Garc\u00eda, Luciana Cornejo y Samir Orellana se coronaron campeones del IV Torneo Nacional Grado 3, categor\u00edas 14 y 18 a\u00f1os (damas y varones) que se desarroll\u00f3 del 6 al 13 de julio en el Centro Nacional de la Federaci\u00f3n Ecuatoriana de Tenis (Lomas de Urdesa). En la final de singles [&hellip;]<\/p>\n","protected":false},"author":2,"featured_media":31863,"comment_status":"open","ping_status":"closed","sticky":false,"template":"","format":"standard","meta":{"_jetpack_memberships_contains_paid_content":false,"footnotes":""},"categories":[9,64],"tags":[5053],"class_list":["post-31862","post","type-post","status-publish","format-standard","has-post-thumbnail","hentry","category-deportes","category-tenis","tag-iv-torneo-nacional-grado-3"],"jetpack_featured_media_url":"https:\/\/radiocresatelital.com\/wp-content\/uploads\/2025\/07\/WhatsApp-Image-2025-07-13-at-19.17.09.jpeg","jetpack_sharing_enabled":true,"_links":{"self":[{"href":"https:\/\/radiocresatelital.com\/index.php?rest_route=\/wp\/v2\/posts\/31862","targetHints":{"allow":["GET"]}}],"collection":[{"href":"https:\/\/radiocresatelital.com\/index.php?rest_route=\/wp\/v2\/posts"}],"about":[{"href":"https:\/\/radiocresatelital.com\/index.php?rest_route=\/wp\/v2\/types\/post"}],"author":[{"embeddable":true,"href":"https:\/\/radiocresatelital.com\/index.php?rest_route=\/wp\/v2\/users\/2"}],"replies":[{"embeddable":true,"href":"https:\/\/radiocresatelital.com\/index.php?rest_route=%2Fwp%2Fv2%2Fcomments&post=31862"}],"version-history":[{"count":1,"href":"https:\/\/radiocresatelital.com\/index.php?rest_route=\/wp\/v2\/posts\/31862\/revisions"}],"predecessor-version":[{"id":31864,"href":"https:\/\/radiocresatelital.com\/index.php?rest_route=\/wp\/v2\/posts\/31862\/revisions\/31864"}],"wp:featuredmedia":[{"embeddable":true,"href":"https:\/\/radiocresatelital.com\/index.php?rest_route=\/wp\/v2\/media\/31863"}],"wp:attachment":[{"href":"https:\/\/radiocresatelital.com\/index.php?rest_route=%2Fwp%2Fv2%2Fmedia&parent=31862"}],"wp:term":[{"taxonomy":"category","embeddable":true,"href":"https:\/\/radiocresatelital.com\/index.php?rest_route=%2Fwp%2Fv2%2Fcategories&post=31862"},{"taxonomy":"post_tag","embeddable":true,"href":"https:\/\/radiocresatelital.com\/index.php?rest_route=%2Fwp%2Fv2%2Ftags&post=31862"}],"curies":[{"name":"wp","href":"https:\/\/api.w.org\/{rel}","templated":true}]}}