{"id":3185,"date":"2023-08-25T16:17:29","date_gmt":"2023-08-25T16:17:29","guid":{"rendered":"https:\/\/radiocresatelital.com\/?p=3185"},"modified":"2023-08-25T16:17:29","modified_gmt":"2023-08-25T16:17:29","slug":"noboa-suma-apoyos-partido-social-cristiano-y-movimiento-gente-buena","status":"publish","type":"post","link":"https:\/\/radiocresatelital.com\/?p=3185","title":{"rendered":"Noboa suma apoyos: Partido Social Cristiano y Movimiento Gente Buena"},"content":{"rendered":"<p>Quito.- La convenci\u00f3n nacional del movimiento pol\u00edtico GENTE BUENA que lideraba el desaparecido candidato presidencial Fernando Villavicencio resolvi\u00f3 apoyar en segunda vuelta al candidato presidencial Daniel Noboa \u00abpor iniciar una investigaci\u00f3n profunda sobre el magnicidio de Fernando Villavicencio\u00bb y por no alinearse a las mafias pol\u00edticas del corre\u00edsmo.<\/p>\n<p>Guayaquil.- Por otra parte el Partido Social Cristiano, listas 6, aclar\u00f3 que nunca ha tenido coincidencias con ninguna clase de socialismos y por lo tanto la \u00fanica opci\u00f3n v\u00e1lida para ellos es la que representa Daniel Noboa, con quien reconocen algunas coincidencias, entre ellas, el combate a la delincuencia con mano dura.<\/p>\n<p>A continuaci\u00f3n los boletines de ambas agrupaciones pol\u00edticas donde explayan sus razones para apoyar al representante de la alianza ADN con su candidato Daniel Noboa.<\/p>\n<p><img decoding=\"async\" src=\"https:\/\/pbs.twimg.com\/media\/F4Vf6-qWAAAi5nT?format=jpg&amp;name=medium\" alt=\"Imagen\" \/><\/p>\n<p><img decoding=\"async\" src=\"https:\/\/pbs.twimg.com\/media\/F4Vf7shXQAA5vEc?format=jpg&amp;name=medium\" alt=\"Imagen\" \/><\/p>\n<p><img decoding=\"async\" src=\"https:\/\/pbs.twimg.com\/media\/F4Vf8yQWYAAl-rM?format=jpg&amp;name=medium\" alt=\"Imagen\" \/><\/p>\n<p><img decoding=\"async\" src=\"https:\/\/pbs.twimg.com\/media\/F4U3xhRWAAAM774?format=jpg&amp;name=large\" alt=\"Imagen\" \/><\/p>\n","protected":false},"excerpt":{"rendered":"<p>Quito.- La convenci\u00f3n nacional del movimiento pol\u00edtico GENTE BUENA que lideraba el desaparecido candidato presidencial Fernando Villavicencio resolvi\u00f3 apoyar en segunda vuelta al candidato presidencial Daniel Noboa \u00abpor iniciar una investigaci\u00f3n profunda sobre el magnicidio de Fernando Villavicencio\u00bb y por no alinearse a las mafias pol\u00edticas del corre\u00edsmo. Guayaquil.- Por otra parte el Partido Social [&hellip;]<\/p>\n","protected":false},"author":3,"featured_media":3186,"comment_status":"open","ping_status":"closed","sticky":false,"template":"","format":"standard","meta":{"_jetpack_memberships_contains_paid_content":false,"footnotes":""},"categories":[13],"tags":[],"class_list":["post-3185","post","type-post","status-publish","format-standard","has-post-thumbnail","hentry","category-noticias-nacionales"],"jetpack_featured_media_url":"https:\/\/radiocresatelital.com\/wp-content\/uploads\/2023\/08\/daniel-noboa-parado-scaled.jpg","jetpack_sharing_enabled":true,"_links":{"self":[{"href":"https:\/\/radiocresatelital.com\/index.php?rest_route=\/wp\/v2\/posts\/3185","targetHints":{"allow":["GET"]}}],"collection":[{"href":"https:\/\/radiocresatelital.com\/index.php?rest_route=\/wp\/v2\/posts"}],"about":[{"href":"https:\/\/radiocresatelital.com\/index.php?rest_route=\/wp\/v2\/types\/post"}],"author":[{"embeddable":true,"href":"https:\/\/radiocresatelital.com\/index.php?rest_route=\/wp\/v2\/users\/3"}],"replies":[{"embeddable":true,"href":"https:\/\/radiocresatelital.com\/index.php?rest_route=%2Fwp%2Fv2%2Fcomments&post=3185"}],"version-history":[{"count":1,"href":"https:\/\/radiocresatelital.com\/index.php?rest_route=\/wp\/v2\/posts\/3185\/revisions"}],"predecessor-version":[{"id":3187,"href":"https:\/\/radiocresatelital.com\/index.php?rest_route=\/wp\/v2\/posts\/3185\/revisions\/3187"}],"wp:featuredmedia":[{"embeddable":true,"href":"https:\/\/radiocresatelital.com\/index.php?rest_route=\/wp\/v2\/media\/3186"}],"wp:attachment":[{"href":"https:\/\/radiocresatelital.com\/index.php?rest_route=%2Fwp%2Fv2%2Fmedia&parent=3185"}],"wp:term":[{"taxonomy":"category","embeddable":true,"href":"https:\/\/radiocresatelital.com\/index.php?rest_route=%2Fwp%2Fv2%2Fcategories&post=3185"},{"taxonomy":"post_tag","embeddable":true,"href":"https:\/\/radiocresatelital.com\/index.php?rest_route=%2Fwp%2Fv2%2Ftags&post=3185"}],"curies":[{"name":"wp","href":"https:\/\/api.w.org\/{rel}","templated":true}]}}