{"id":3182,"date":"2023-08-25T15:47:16","date_gmt":"2023-08-25T15:47:16","guid":{"rendered":"https:\/\/radiocresatelital.com\/?p=3182"},"modified":"2023-08-25T19:07:18","modified_gmt":"2023-08-25T19:07:18","slug":"ff-aa-y-policia-intervienen-penitenciaria-del-litoral","status":"publish","type":"post","link":"https:\/\/radiocresatelital.com\/?p=3182","title":{"rendered":"FF.AA. y Polic\u00eda intervienen Penitenciar\u00eda del Litoral"},"content":{"rendered":"<p><span class=\"css-901oao css-16my406 r-poiln3 r-bcqeeo r-qvutc0\">Guayaquil.- <\/span>En sus respectivas redes sociales, tanto las FF.AA. como la Polic\u00eda, informan que con un total de 1700 uniformados, han ingresado a los pabellones 1 y 4 de la Penitenciar\u00eda del Litoral para hacer un control de armas, municiones, explosivos y en general objetos no autorizados.<\/p>\n<p>Hasta estos momentos (10h40) sigue desarroll\u00e1ndose este operativo que busca garantizar no solamente la seguridad de los privados de la libertad, sino de la poblaci\u00f3n circundante del per\u00edmetro carcelario.<\/p>\n<p>Este operativo se desarrolla de manera preventiva, debido al apoyo que la <span class=\"css-901oao css-16my406 r-poiln3 r-bcqeeo r-qvutc0\"> Corte Constitucional le otorg\u00f3 al juez Diego Poma, que sostiene que Adolfo Mac\u00edas, alias \u00abFito\u00bb no debe ser trasladado de la C\u00e1rcel Regional de Guayaquil a ninguna otra parte, y sabiendo que \u00abFito\u00bb a\u00fan sigue en La Roca, hecho que contraviene dicha disposici\u00f3n, la Polic\u00eda Nacional y las Fuerzas Armadas, han emprendido un operativo , correspondiente al decreto ejecutivo 823 para precautelar la paz dentro de la Penitenciar\u00eda del Litoral\u00a0<\/span><\/p>\n<p>NOTICIA EN DESARROLLO<\/p>\n","protected":false},"excerpt":{"rendered":"<p>Guayaquil.- En sus respectivas redes sociales, tanto las FF.AA. como la Polic\u00eda, informan que con un total de 1700 uniformados, han ingresado a los pabellones 1 y 4 de la Penitenciar\u00eda del Litoral para hacer un control de armas, municiones, explosivos y en general objetos no autorizados. Hasta estos momentos (10h40) sigue desarroll\u00e1ndose este operativo [&hellip;]<\/p>\n","protected":false},"author":3,"featured_media":3183,"comment_status":"open","ping_status":"closed","sticky":false,"template":"","format":"standard","meta":{"_jetpack_memberships_contains_paid_content":false,"footnotes":""},"categories":[13],"tags":[363,362],"class_list":["post-3182","post","type-post","status-publish","format-standard","has-post-thumbnail","hentry","category-noticias-nacionales","tag-fuerzas-armadas","tag-policia-nacional"],"jetpack_featured_media_url":"https:\/\/radiocresatelital.com\/wp-content\/uploads\/2023\/08\/privados-de-la-libertad-en-operativos.jpg","jetpack_sharing_enabled":true,"_links":{"self":[{"href":"https:\/\/radiocresatelital.com\/index.php?rest_route=\/wp\/v2\/posts\/3182","targetHints":{"allow":["GET"]}}],"collection":[{"href":"https:\/\/radiocresatelital.com\/index.php?rest_route=\/wp\/v2\/posts"}],"about":[{"href":"https:\/\/radiocresatelital.com\/index.php?rest_route=\/wp\/v2\/types\/post"}],"author":[{"embeddable":true,"href":"https:\/\/radiocresatelital.com\/index.php?rest_route=\/wp\/v2\/users\/3"}],"replies":[{"embeddable":true,"href":"https:\/\/radiocresatelital.com\/index.php?rest_route=%2Fwp%2Fv2%2Fcomments&post=3182"}],"version-history":[{"count":1,"href":"https:\/\/radiocresatelital.com\/index.php?rest_route=\/wp\/v2\/posts\/3182\/revisions"}],"predecessor-version":[{"id":3184,"href":"https:\/\/radiocresatelital.com\/index.php?rest_route=\/wp\/v2\/posts\/3182\/revisions\/3184"}],"wp:featuredmedia":[{"embeddable":true,"href":"https:\/\/radiocresatelital.com\/index.php?rest_route=\/wp\/v2\/media\/3183"}],"wp:attachment":[{"href":"https:\/\/radiocresatelital.com\/index.php?rest_route=%2Fwp%2Fv2%2Fmedia&parent=3182"}],"wp:term":[{"taxonomy":"category","embeddable":true,"href":"https:\/\/radiocresatelital.com\/index.php?rest_route=%2Fwp%2Fv2%2Fcategories&post=3182"},{"taxonomy":"post_tag","embeddable":true,"href":"https:\/\/radiocresatelital.com\/index.php?rest_route=%2Fwp%2Fv2%2Ftags&post=3182"}],"curies":[{"name":"wp","href":"https:\/\/api.w.org\/{rel}","templated":true}]}}